{"id":1035,"date":"2018-09-29T11:44:11","date_gmt":"2018-09-29T10:44:11","guid":{"rendered":"http:\/\/karate-lanester.org\/?p=1035"},"modified":"2018-09-29T11:44:11","modified_gmt":"2018-09-29T10:44:11","slug":"formations-federales-karate","status":"publish","type":"post","link":"https:\/\/karate-lanester.org\/index.php\/2018\/09\/29\/formations-federales-karate\/","title":{"rendered":"FORMATIONS FEDERALES KARATE"},"content":{"rendered":"<h2>Cr\u00e9ation du 1er catalogue des formations continues<\/h2>\n<p><a href=\"http:\/\/www.ffkarate.fr\/wp-content\/uploads\/2014\/09\/couv-cata-formations-continues2018.jpg\" rel=\"attachment wp-att-26785\" data-featherlight=\"image\"><img loading=\"lazy\" decoding=\"async\" class=\"alignright size-thumbnail wp-image-26785\" src=\"http:\/\/www.ffkarate.fr\/wp-content\/uploads\/2014\/09\/couv-cata-formations-continues2018-150x150.jpg\" alt=\"couv-cata-formations-continues2018\" width=\"100\" height=\"100\" \/><\/a>Nouveaut\u00e9 pour la saison 2018-2019<br \/>\nD\u00e9couvrez <a href=\"http:\/\/www.ffkarate.fr\/formations-continues\/\">le premier catalogue des formations continues<\/a> dispens\u00e9es par la FFK et le calendrier de ces formations (Sant\u00e9, Scolaire, para-karate\u2026) destin\u00e9es aux enseignants de toutes disciplines.<\/p>\n<p>En cas d&rsquo;int\u00e9r\u00eat pour une formation, il est recommand\u00e9 de se rapprocher du <a href=\"https:\/\/www.facebook.com\/pg\/CDK56\/posts\/?ref=notif\">CDK 56<\/a> pour des covoiturages ou autres organisations de r\u00e9duction des frais;<\/p>\n","protected":false},"excerpt":{"rendered":"<p>Cr\u00e9ation du 1er catalogue des formations continues Nouveaut\u00e9 pour la saison 2018-2019 D\u00e9couvrez le premier catalogue des formations continues dispens\u00e9es par la FFK et le calendrier de ces formations (Sant\u00e9, Scolaire, para-karate\u2026) destin\u00e9es aux enseignants de toutes disciplines. En cas &hellip; <a href=\"https:\/\/karate-lanester.org\/index.php\/2018\/09\/29\/formations-federales-karate\/\">Continuer la lecture <span class=\"meta-nav\">&rarr;<\/span><\/a><\/p>\n","protected":false},"author":1,"featured_media":0,"comment_status":"open","ping_status":"open","sticky":false,"template":"","format":"standard","meta":{"footnotes":""},"categories":[1],"tags":[5],"class_list":["post-1035","post","type-post","status-publish","format-standard","hentry","category-non-classe","tag-non-classe"],"_links":{"self":[{"href":"https:\/\/karate-lanester.org\/index.php\/wp-json\/wp\/v2\/posts\/1035","targetHints":{"allow":["GET"]}}],"collection":[{"href":"https:\/\/karate-lanester.org\/index.php\/wp-json\/wp\/v2\/posts"}],"about":[{"href":"https:\/\/karate-lanester.org\/index.php\/wp-json\/wp\/v2\/types\/post"}],"author":[{"embeddable":true,"href":"https:\/\/karate-lanester.org\/index.php\/wp-json\/wp\/v2\/users\/1"}],"replies":[{"embeddable":true,"href":"https:\/\/karate-lanester.org\/index.php\/wp-json\/wp\/v2\/comments?post=1035"}],"version-history":[{"count":1,"href":"https:\/\/karate-lanester.org\/index.php\/wp-json\/wp\/v2\/posts\/1035\/revisions"}],"predecessor-version":[{"id":1036,"href":"https:\/\/karate-lanester.org\/index.php\/wp-json\/wp\/v2\/posts\/1035\/revisions\/1036"}],"wp:attachment":[{"href":"https:\/\/karate-lanester.org\/index.php\/wp-json\/wp\/v2\/media?parent=1035"}],"wp:term":[{"taxonomy":"category","embeddable":true,"href":"https:\/\/karate-lanester.org\/index.php\/wp-json\/wp\/v2\/categories?post=1035"},{"taxonomy":"post_tag","embeddable":true,"href":"https:\/\/karate-lanester.org\/index.php\/wp-json\/wp\/v2\/tags?post=1035"}],"curies":[{"name":"wp","href":"https:\/\/api.w.org\/{rel}","templated":true}]}}