{"id":1059,"date":"2018-10-29T14:38:42","date_gmt":"2018-10-29T13:38:42","guid":{"rendered":"http:\/\/karate-lanester.org\/?p=1059"},"modified":"2018-10-29T14:38:42","modified_gmt":"2018-10-29T13:38:42","slug":"pas-de-cours-les-2-et-3-novembre-2018","status":"publish","type":"post","link":"https:\/\/karate-lanester.org\/index.php\/2018\/10\/29\/pas-de-cours-les-2-et-3-novembre-2018\/","title":{"rendered":"pas de cours les 2 et 3 novembre 2018"},"content":{"rendered":"<p>Compte tenu des indisponibilit\u00e9s des professeurs et apr\u00e8s avoir interrog\u00e9 les participants des derni\u00e8res s\u00e9ances, nous avons d\u00e9cid\u00e9 de ne pas maintenir les cours des Vendredi 2 et Samedi 3 novembre 2018.<\/p>\n<p>La reprise est fix\u00e9e au Mardi 6 novembre aux heures habituelles.<\/p>\n<p><img loading=\"lazy\" decoding=\"async\" class=\"alignnone size-medium wp-image-1057\" src=\"https:\/\/karate-lanester.org\/wp-content\/uploads\/2018\/10\/Diapositive1-300x169.png\" alt=\"\" width=\"300\" height=\"169\" \/><\/p>\n","protected":false},"excerpt":{"rendered":"<p>Compte tenu des indisponibilit\u00e9s des professeurs et apr\u00e8s avoir interrog\u00e9 les participants des derni\u00e8res s\u00e9ances, nous avons d\u00e9cid\u00e9 de ne pas maintenir les cours des Vendredi 2 et Samedi 3 novembre 2018. La reprise est fix\u00e9e au Mardi 6 novembre &hellip; <a href=\"https:\/\/karate-lanester.org\/index.php\/2018\/10\/29\/pas-de-cours-les-2-et-3-novembre-2018\/\">Continuer la lecture <span class=\"meta-nav\">&rarr;<\/span><\/a><\/p>\n","protected":false},"author":1,"featured_media":0,"comment_status":"open","ping_status":"open","sticky":false,"template":"","format":"standard","meta":{"footnotes":""},"categories":[1],"tags":[5],"class_list":["post-1059","post","type-post","status-publish","format-standard","hentry","category-non-classe","tag-non-classe"],"_links":{"self":[{"href":"https:\/\/karate-lanester.org\/index.php\/wp-json\/wp\/v2\/posts\/1059","targetHints":{"allow":["GET"]}}],"collection":[{"href":"https:\/\/karate-lanester.org\/index.php\/wp-json\/wp\/v2\/posts"}],"about":[{"href":"https:\/\/karate-lanester.org\/index.php\/wp-json\/wp\/v2\/types\/post"}],"author":[{"embeddable":true,"href":"https:\/\/karate-lanester.org\/index.php\/wp-json\/wp\/v2\/users\/1"}],"replies":[{"embeddable":true,"href":"https:\/\/karate-lanester.org\/index.php\/wp-json\/wp\/v2\/comments?post=1059"}],"version-history":[{"count":1,"href":"https:\/\/karate-lanester.org\/index.php\/wp-json\/wp\/v2\/posts\/1059\/revisions"}],"predecessor-version":[{"id":1060,"href":"https:\/\/karate-lanester.org\/index.php\/wp-json\/wp\/v2\/posts\/1059\/revisions\/1060"}],"wp:attachment":[{"href":"https:\/\/karate-lanester.org\/index.php\/wp-json\/wp\/v2\/media?parent=1059"}],"wp:term":[{"taxonomy":"category","embeddable":true,"href":"https:\/\/karate-lanester.org\/index.php\/wp-json\/wp\/v2\/categories?post=1059"},{"taxonomy":"post_tag","embeddable":true,"href":"https:\/\/karate-lanester.org\/index.php\/wp-json\/wp\/v2\/tags?post=1059"}],"curies":[{"name":"wp","href":"https:\/\/api.w.org\/{rel}","templated":true}]}}