{"id":1069,"date":"2018-11-06T15:58:05","date_gmt":"2018-11-06T14:58:05","guid":{"rendered":"http:\/\/karate-lanester.org\/?p=1069"},"modified":"2018-11-06T15:58:05","modified_gmt":"2018-11-06T14:58:05","slug":"coupe-de-france-light-contact-du-3-novembre-2018","status":"publish","type":"post","link":"https:\/\/karate-lanester.org\/index.php\/2018\/11\/06\/coupe-de-france-light-contact-du-3-novembre-2018\/","title":{"rendered":"COUPE DE FRANCE LIGHT CONTACT DU 3 NOVEMBRE 2018"},"content":{"rendered":"<p><strong>F\u00e9licitations \u00e0 Andr\u00e9a et Eddy LE BOUHELLEC qui combattaient \u00e0 la Coupe de France Light Contact \u00e0 PARIS ce samedi 3 novembre.<\/strong><\/p>\n<p>Andr\u00e9a a perdu son combat mais termine deuxi\u00e8me (2 participantes dans sa cat\u00e9gories 63 \u00e0 68 kg).<br \/>\nJunior &#8211; 68 Kg\u00a7 F\u00e9minin Kumit\u00e9 (2 Par.)<br \/>\n&#8212;&#8212;&#8212;&#8212;&#8212;&#8212;&#8212;&#8212;&#8212;&#8212;&#8212;&#8212;&#8212;<br \/>\n1 &#8211; MATHIEUX LEA |KARATE CLUB DE SAVONNIERES|ST AVERTIN |LR CENTRE VAL DE LOIRE<br \/>\n2 &#8211; LE BOUHELLEC ANDREA |FOYER LAIQUE DE LANESTER | LR BRETAGNE<\/p>\n<p>Eddy a gagn\u00e9 ses deux combats et finit premier (5 participants, -50 kg).<br \/>\nBenjamin &#8211; 50 Kg\u00a7 Masculin Kumit\u00e9 (5 Par.)<br \/>\n&#8212;&#8212;&#8212;&#8212;&#8212;&#8212;&#8212;&#8212;&#8212;&#8212;&#8212;&#8212;&#8212;-<br \/>\n1 &#8211; LE BOUHELLEC EDDY |FOYER LAIQUE DE LANESTER |LR BRETAGNE<br \/>\n2 &#8211; BALAIR LIAM WATTEN | LR HAUTS DE FRANCE<br \/>\n3 &#8211; EL YAOUTI AMINE |KARATEDO RENSEIKAN GENNEVILLIERS |LR ILE DE FRANCE<br \/>\n3 &#8211; DENIS NOAH| AUMONT EN HALATTE |LR HAUTS DE FRANCE<br \/>\n5 &#8211; SANCHEZ ESTEBANE | SAINTE COLOMBE SUR SEINE|LR BOURGOGNE FRANCHE COMTE<\/p>\n<p>Le \u00ab Karat\u00e9 Light Contact \u00bb ou \u00ab Semi Contact \u00bb est r\u00e9serv\u00e9 aux moins de 18 ans et aux adultes ne souhaitant pas faire de contact. Il consiste \u00e0 r\u00e9aliser un combat avec des touches contr\u00f4l\u00e9es. Pour Dominique Val\u00e9ra, \u00ab le principe c\u2019est d\u2019amener p\u00e9dagogiquement et progressivement les jeunes au \u00ab Karat\u00e9 Contact \u00bb ou au \u00ab Karat\u00e9 Full Contact \u00bb tout en offrant des conditions optimales au niveau de la structure arbitrale, m\u00e9dicale et professorale. Le travail r\u00e9alis\u00e9 avec le jeune doit-\u00eatre un rapport avec son \u00e2ge et ses possibilit\u00e9s \u00bb. Les combats de \u00ab Karat\u00e9 Light Contact \u00bb ou \u00ab Semi-Contact \u00bb se d\u00e9roulent sur tatami et les K.O sont interdits.<\/p>\n<p>Les autres engag\u00e9s Bretons :<\/p>\n<p>Benjamin -40 Kg\u00a7 Masculin Kumit\u00e9 (9 Par.)<br \/>\n5 &#8211; CHEROT TOM |TEAM MORBIHAN KARATE<\/p>\n<p>Cadet -45 Kg\u00a7 Masculin Kumit\u00e9 (6 Par.)<br \/>\n1 &#8211; LEMAITRE JEREMY FULL KARATE CLUB DU LEFF<\/p>\n<p>Junior -60 Kg\u00a7 Masculin Kumit\u00e9 (9 Par.)<br \/>\n1 &#8211; LEGROS ROMAIN TEAM MORBIHAN KARATE<\/p>\n<p>Junior -65 Kg\u00a7 Masculin Kumit\u00e9 (5 Par.)<br \/>\n5 &#8211; ROUXEL JULIEN KARATE CLUB MENEAC<\/p>\n<p>Junior +80 Kg\u00a7 Masculin Kumit\u00e9 (4 Par.)<br \/>\n3 &#8211; RABET FULL KARATE CLUB DU LEFF<\/p>\n<p>Pupille -40 Kg\u00a7 F\u00e9minin Kumit\u00e9 (3 Par.)<br \/>\n3 JEGO YOUENA ATE DEFENSE SHOTO CONTACT|PLUMELIAU<\/p>\n<p>Benjamin -45 Kg\u00a7 F\u00e9minin Kumit\u00e9 (5 Par.)<br \/>\n5 &#8211; RABET ELEA FULL KARATE CLUB DU LEFF |PLOUAGAT<\/p>\n<p>Minime -40 Kg\u00a7 F\u00e9minin Kumit\u00e9 (5 Par.)<br \/>\n5 &#8211; ROUXEL TYPHENN |KARATE CLUB MENEAC<\/p>\n<p>Cadet -50 Kg\u00a7 F\u00e9minin Kumit\u00e9 (6 Par.)<br \/>\n3 &#8211; LEGROS ELISE TEAM MORBIHAN KARATE<\/p>\n<p>Cadet -55 Kg\u00a7 F\u00e9minin Kumit\u00e9 (5 Par.)<br \/>\n2 &#8211; JEGO EMELINE ATE DEFENSE SHOTO CONTACT|PLUMELIAU<\/p>\n<p>Junior -53 Kg\u00a7 F\u00e9minin Kumit\u00e9 (3 Par.)<br \/>\n1 &#8211; MORVAN OCEANE KARATE CELTIC BALDIVIEN<\/p>\n","protected":false},"excerpt":{"rendered":"<p>F\u00e9licitations \u00e0 Andr\u00e9a et Eddy LE BOUHELLEC qui combattaient \u00e0 la Coupe de France Light Contact \u00e0 PARIS ce samedi 3 novembre. Andr\u00e9a a perdu son combat mais termine deuxi\u00e8me (2 participantes dans sa cat\u00e9gories 63 \u00e0 68 kg). Junior &hellip; <a href=\"https:\/\/karate-lanester.org\/index.php\/2018\/11\/06\/coupe-de-france-light-contact-du-3-novembre-2018\/\">Continuer la lecture <span class=\"meta-nav\">&rarr;<\/span><\/a><\/p>\n","protected":false},"author":1,"featured_media":0,"comment_status":"open","ping_status":"open","sticky":false,"template":"","format":"standard","meta":{"footnotes":""},"categories":[1],"tags":[5],"class_list":["post-1069","post","type-post","status-publish","format-standard","hentry","category-non-classe","tag-non-classe"],"_links":{"self":[{"href":"https:\/\/karate-lanester.org\/index.php\/wp-json\/wp\/v2\/posts\/1069","targetHints":{"allow":["GET"]}}],"collection":[{"href":"https:\/\/karate-lanester.org\/index.php\/wp-json\/wp\/v2\/posts"}],"about":[{"href":"https:\/\/karate-lanester.org\/index.php\/wp-json\/wp\/v2\/types\/post"}],"author":[{"embeddable":true,"href":"https:\/\/karate-lanester.org\/index.php\/wp-json\/wp\/v2\/users\/1"}],"replies":[{"embeddable":true,"href":"https:\/\/karate-lanester.org\/index.php\/wp-json\/wp\/v2\/comments?post=1069"}],"version-history":[{"count":1,"href":"https:\/\/karate-lanester.org\/index.php\/wp-json\/wp\/v2\/posts\/1069\/revisions"}],"predecessor-version":[{"id":1070,"href":"https:\/\/karate-lanester.org\/index.php\/wp-json\/wp\/v2\/posts\/1069\/revisions\/1070"}],"wp:attachment":[{"href":"https:\/\/karate-lanester.org\/index.php\/wp-json\/wp\/v2\/media?parent=1069"}],"wp:term":[{"taxonomy":"category","embeddable":true,"href":"https:\/\/karate-lanester.org\/index.php\/wp-json\/wp\/v2\/categories?post=1069"},{"taxonomy":"post_tag","embeddable":true,"href":"https:\/\/karate-lanester.org\/index.php\/wp-json\/wp\/v2\/tags?post=1069"}],"curies":[{"name":"wp","href":"https:\/\/api.w.org\/{rel}","templated":true}]}}