{"id":1073,"date":"2018-11-24T12:09:37","date_gmt":"2018-11-24T11:09:37","guid":{"rendered":"http:\/\/karate-lanester.org\/?p=1073"},"modified":"2018-11-24T12:09:37","modified_gmt":"2018-11-24T11:09:37","slug":"jka-christmas-camp-la-roche-sur-yon","status":"publish","type":"post","link":"https:\/\/karate-lanester.org\/index.php\/2018\/11\/24\/jka-christmas-camp-la-roche-sur-yon\/","title":{"rendered":"JKA CHRISTMAS CAMP la ROCHE SUR YON"},"content":{"rendered":"<p><img decoding=\"async\" src=\"https:\/\/jkachristmascamp.files.wordpress.com\/2018\/06\/affiche-2018-finale1.jpg?w=640\" alt=\"https:\/\/jkachristmascamp.files.wordpress.com\/2018\/06\/affiche-2018-finale1.jpg?w=640\" \/><\/p>\n<p><span class=\"Plain-Text-C\"><a href=\"https:\/\/jkachristmascamp.com\/\">extrait du site Internet JKA CHRISTMAS CAMP<\/a> <\/span><\/p>\n<p><span class=\"Plain-Text-C\">Nous voulons faire du <strong>JKA Christmas Camp<\/strong> un \u00e9v\u00e9nement marquant pour tous les pratiquants de Karate-d\u014d traditionnel.<br \/>\n<\/span><span class=\"Plain-Text-C1\"><br \/>\n<\/span><span class=\"Plain-Text-C\">Cette neuvi\u00e8me \u00e9dition se d\u00e9roulera du <strong>14<\/strong><\/span><span class=\"Plain-Text-C2\"><strong>\u00a0au 16 d\u00e9cembre 2018<\/strong> \u00e0 La Roche-sur-Yon (85)<\/span><span class=\"Plain-Text-C\">, et sera dirig\u00e9e par <a href=\"https:\/\/www.youtube.com\/watch?v=xMywZllW5gY\">Tatsuya <strong>NAKA<\/strong><\/a>, <a href=\"https:\/\/www.youtube.com\/watch?v=VRPKF3yiP2g\">Kazuaki <strong>KURIHARA<\/strong><\/a> et <a href=\"http:\/\/www.ww.senseidaniellautier.com\/bienvenue.ws\">Daniel <strong>LAUTIER<\/strong><\/a>.<br \/>\n<\/span><span class=\"Plain-Text-C1\"><br \/>\n<\/span><span class=\"Plain-Text-C\">Ouvert \u00e0 tous les pratiquants, quelque soit leur \u00e9cole, nous comptons sur chacun d\u2019entre vous pour faire du\u00a0<\/span><strong><span class=\"Plain-Text-C0\">JKA Christmas Camp<\/span><\/strong><span class=\"Plain-Text-C\">\u00a0un s\u00e9minaire international incontournable, et faire rimer <strong>Karat\u00e9<\/strong> avec <strong>Amiti\u00e9<\/strong>\u2026<\/span><\/p>\n","protected":false},"excerpt":{"rendered":"<p>extrait du site Internet JKA CHRISTMAS CAMP Nous voulons faire du JKA Christmas Camp un \u00e9v\u00e9nement marquant pour tous les pratiquants de Karate-d\u014d traditionnel. Cette neuvi\u00e8me \u00e9dition se d\u00e9roulera du 14\u00a0au 16 d\u00e9cembre 2018 \u00e0 La Roche-sur-Yon (85), et sera &hellip; <a href=\"https:\/\/karate-lanester.org\/index.php\/2018\/11\/24\/jka-christmas-camp-la-roche-sur-yon\/\">Continuer la lecture <span class=\"meta-nav\">&rarr;<\/span><\/a><\/p>\n","protected":false},"author":1,"featured_media":0,"comment_status":"open","ping_status":"open","sticky":false,"template":"","format":"standard","meta":{"footnotes":""},"categories":[1],"tags":[5],"class_list":["post-1073","post","type-post","status-publish","format-standard","hentry","category-non-classe","tag-non-classe"],"_links":{"self":[{"href":"https:\/\/karate-lanester.org\/index.php\/wp-json\/wp\/v2\/posts\/1073","targetHints":{"allow":["GET"]}}],"collection":[{"href":"https:\/\/karate-lanester.org\/index.php\/wp-json\/wp\/v2\/posts"}],"about":[{"href":"https:\/\/karate-lanester.org\/index.php\/wp-json\/wp\/v2\/types\/post"}],"author":[{"embeddable":true,"href":"https:\/\/karate-lanester.org\/index.php\/wp-json\/wp\/v2\/users\/1"}],"replies":[{"embeddable":true,"href":"https:\/\/karate-lanester.org\/index.php\/wp-json\/wp\/v2\/comments?post=1073"}],"version-history":[{"count":1,"href":"https:\/\/karate-lanester.org\/index.php\/wp-json\/wp\/v2\/posts\/1073\/revisions"}],"predecessor-version":[{"id":1074,"href":"https:\/\/karate-lanester.org\/index.php\/wp-json\/wp\/v2\/posts\/1073\/revisions\/1074"}],"wp:attachment":[{"href":"https:\/\/karate-lanester.org\/index.php\/wp-json\/wp\/v2\/media?parent=1073"}],"wp:term":[{"taxonomy":"category","embeddable":true,"href":"https:\/\/karate-lanester.org\/index.php\/wp-json\/wp\/v2\/categories?post=1073"},{"taxonomy":"post_tag","embeddable":true,"href":"https:\/\/karate-lanester.org\/index.php\/wp-json\/wp\/v2\/tags?post=1073"}],"curies":[{"name":"wp","href":"https:\/\/api.w.org\/{rel}","templated":true}]}}