{"id":1263,"date":"2019-07-17T13:52:04","date_gmt":"2019-07-17T12:52:04","guid":{"rendered":"http:\/\/karate-lanester.org\/?p=1263"},"modified":"2019-07-17T13:52:06","modified_gmt":"2019-07-17T12:52:06","slug":"ete-2019","status":"publish","type":"post","link":"https:\/\/karate-lanester.org\/index.php\/2019\/07\/17\/ete-2019\/","title":{"rendered":"ETE 2019"},"content":{"rendered":"\n<p>L&rsquo;\u00e9t\u00e9 avance, la nouvelle saison approche.<\/p>\n\n\n\n<p>quelques modifications de derni\u00e8re minute peuvent toujours subvenir, mais d\u00e8s \u00e0 pr\u00e9sent vous pouvez vous consulter les informations concernant la saison 2019 2020.<\/p>\n\n\n\n<p><a href=\"https:\/\/karate-lanester.org\/wp-content\/uploads\/2019\/07\/calendrier-KARATE-2019-2020-1.pdf\">Le calendrier<\/a> : la nouvelle saison d\u00e9butera le vendredi 6 septembre par les traditionnelles inscriptions. Il n&rsquo;y a pas de modifications dans les cr\u00e9neaux horaires. Les <a href=\"https:\/\/karate-lanester.org\/wp-content\/uploads\/2019\/07\/INSTRUCTEURS-DU-FLL-KARATE.pdf\">professeurs<\/a> ne changent pas, mais la nouveaut\u00e9 est le <strong>5\u00e8me Dan obtenu en juin par Philippe POENCIER<\/strong>. <\/p>\n\n\n\n<p><a href=\"https:\/\/karate-lanester.org\/wp-content\/uploads\/2019\/07\/TARIFS-SAISON-20192020-1.pdf\">Les tarifs<\/a> : Stables depuis plusieurs saisons ils \u00e9voluent pour la seule section adultes passant de 200 \u00e0 205\u20ac. La saison pass\u00e9e, la carte du FLL est pass\u00e9e de 15 \u00e0 30\u20ac sans incidence sur les cotisations. C&rsquo;est donc un rattrapage partiel qui sera stabilis\u00e9 sur les 5 prochaines saisons.<\/p>\n\n\n\n<p><a href=\"https:\/\/karate-lanester.org\/index.php\/boutique-club\/\">La boutique<\/a> : nous avons en stock des sacs de sport, des kimonos de qualit\u00e9 et des \u00e9cussons. Tout sera mis \u00e0 jour pour l&rsquo;ouverture de la saison. Ces \u00e9quipements sont \u00e0 la vente \u00e0 des tarifs serr\u00e9s, le b\u00e9n\u00e9fice enregistr\u00e9 \u00e9tant r\u00e9investi dans des \u00e9quipements pr\u00eat\u00e9s &#8211; les protections enfants par exemple &#8211; ou structurants pour les cours &#8211; \u00e9chelles de rythme, m\u00e9decine ball, cerceaux&#8230;.<\/p>\n\n\n\n<p>A bient\u00f4t sur les tatamis et n&rsquo;oubliez pas que le club fonctionne tout l&rsquo;\u00e9t\u00e9 mardi matin et soir et vendredi soir.<br><\/p>\n","protected":false},"excerpt":{"rendered":"<p>L&rsquo;\u00e9t\u00e9 avance, la nouvelle saison approche. quelques modifications de derni\u00e8re minute peuvent toujours subvenir, mais d\u00e8s \u00e0 pr\u00e9sent vous pouvez vous consulter les informations concernant la saison 2019 2020. Le calendrier : la nouvelle saison d\u00e9butera le vendredi 6 septembre &hellip; <a href=\"https:\/\/karate-lanester.org\/index.php\/2019\/07\/17\/ete-2019\/\">Continuer la lecture <span class=\"meta-nav\">&rarr;<\/span><\/a><\/p>\n","protected":false},"author":1,"featured_media":0,"comment_status":"open","ping_status":"open","sticky":false,"template":"","format":"standard","meta":{"footnotes":""},"categories":[1],"tags":[5],"class_list":["post-1263","post","type-post","status-publish","format-standard","hentry","category-non-classe","tag-non-classe"],"_links":{"self":[{"href":"https:\/\/karate-lanester.org\/index.php\/wp-json\/wp\/v2\/posts\/1263","targetHints":{"allow":["GET"]}}],"collection":[{"href":"https:\/\/karate-lanester.org\/index.php\/wp-json\/wp\/v2\/posts"}],"about":[{"href":"https:\/\/karate-lanester.org\/index.php\/wp-json\/wp\/v2\/types\/post"}],"author":[{"embeddable":true,"href":"https:\/\/karate-lanester.org\/index.php\/wp-json\/wp\/v2\/users\/1"}],"replies":[{"embeddable":true,"href":"https:\/\/karate-lanester.org\/index.php\/wp-json\/wp\/v2\/comments?post=1263"}],"version-history":[{"count":1,"href":"https:\/\/karate-lanester.org\/index.php\/wp-json\/wp\/v2\/posts\/1263\/revisions"}],"predecessor-version":[{"id":1264,"href":"https:\/\/karate-lanester.org\/index.php\/wp-json\/wp\/v2\/posts\/1263\/revisions\/1264"}],"wp:attachment":[{"href":"https:\/\/karate-lanester.org\/index.php\/wp-json\/wp\/v2\/media?parent=1263"}],"wp:term":[{"taxonomy":"category","embeddable":true,"href":"https:\/\/karate-lanester.org\/index.php\/wp-json\/wp\/v2\/categories?post=1263"},{"taxonomy":"post_tag","embeddable":true,"href":"https:\/\/karate-lanester.org\/index.php\/wp-json\/wp\/v2\/tags?post=1263"}],"curies":[{"name":"wp","href":"https:\/\/api.w.org\/{rel}","templated":true}]}}