{"id":1361,"date":"2019-09-18T16:24:30","date_gmt":"2019-09-18T15:24:30","guid":{"rendered":"http:\/\/karate-lanester.org\/?p=1361"},"modified":"2019-09-18T16:24:32","modified_gmt":"2019-09-18T15:24:32","slug":"lexique-karate","status":"publish","type":"post","link":"https:\/\/karate-lanester.org\/index.php\/2019\/09\/18\/lexique-karate\/","title":{"rendered":"Lexique karat\u00e9"},"content":{"rendered":"\n<p>Ce document a \u00e9t\u00e9 \u00e9crit par un Professeur soucieux d\u2019apporter \u00e0 ses \n\u00e9l\u00e8ves un support \u00e9crit pour faciliter la m\u00e9morisation des termes \njaponais utilis\u00e9s dans ses s\u00e9ances.<\/p>\n\n\n\n<p>J\u2019en avait d\u00e9j\u00e0 fait la promotion \u00e0 l\u2019occasion du stage JKA de  Lanester en 2017.  Je l\u2019ajoute aujourd\u2019hui  sur ce site dans une page  d\u00e9di\u00e9e tant il me semble que beaucoup de gens on des probl\u00e8mes de  m\u00e9morisation et que d\u2019autres trouveraient normal que tous ces termes  soient utilis\u00e9s en fran\u00e7ais.<br>Je me suis positionn\u00e9 sur les \u201cr\u00e9seaux  sociaux\u201d en disant que si l\u2019on voulait parler fran\u00e7ais exclusivement  dans la pratique sportive, l\u2019escrime est la discipline adapt\u00e9e puisque  c\u2019est sa langue officielle.<br>De plus ces m\u00eames personnes parlent bien  de penalty au football et pas de coup de pied de p\u00e9nalit\u00e9 comme il est  dit en rugby, alors\u2026.<br>Pour le reste, je pense que pratiquer le karat\u00e9  c\u2019est aussi essayer de comprendre certaines subtilit\u00e9s de la langue et  de la tradition japonaise et pas seulement transpirer b\u00eatement dans un  karat\u00e9gi.<br>A tous ceux qui pensent comme moi, je vous souhaite une  bonne lecture de ce support et je renouvelle mes f\u00e9licitations \u00e0 son  auteur.<br><a href=\"https:\/\/karate-lanester.org\/index.php\/lexique-karate\/\">https:\/\/karate-lanester.org\/index.php\/lexique-karate\/<\/a><\/p>\n\n\n\n<p><\/p>\n\n\n\n<p><\/p>\n","protected":false},"excerpt":{"rendered":"<p>Ce document a \u00e9t\u00e9 \u00e9crit par un Professeur soucieux d\u2019apporter \u00e0 ses \u00e9l\u00e8ves un support \u00e9crit pour faciliter la m\u00e9morisation des termes japonais utilis\u00e9s dans ses s\u00e9ances. J\u2019en avait d\u00e9j\u00e0 fait la promotion \u00e0 l\u2019occasion du stage JKA de Lanester &hellip; <a href=\"https:\/\/karate-lanester.org\/index.php\/2019\/09\/18\/lexique-karate\/\">Continuer la lecture <span class=\"meta-nav\">&rarr;<\/span><\/a><\/p>\n","protected":false},"author":1,"featured_media":0,"comment_status":"open","ping_status":"open","sticky":false,"template":"","format":"standard","meta":{"footnotes":""},"categories":[1],"tags":[5],"class_list":["post-1361","post","type-post","status-publish","format-standard","hentry","category-non-classe","tag-non-classe"],"_links":{"self":[{"href":"https:\/\/karate-lanester.org\/index.php\/wp-json\/wp\/v2\/posts\/1361","targetHints":{"allow":["GET"]}}],"collection":[{"href":"https:\/\/karate-lanester.org\/index.php\/wp-json\/wp\/v2\/posts"}],"about":[{"href":"https:\/\/karate-lanester.org\/index.php\/wp-json\/wp\/v2\/types\/post"}],"author":[{"embeddable":true,"href":"https:\/\/karate-lanester.org\/index.php\/wp-json\/wp\/v2\/users\/1"}],"replies":[{"embeddable":true,"href":"https:\/\/karate-lanester.org\/index.php\/wp-json\/wp\/v2\/comments?post=1361"}],"version-history":[{"count":1,"href":"https:\/\/karate-lanester.org\/index.php\/wp-json\/wp\/v2\/posts\/1361\/revisions"}],"predecessor-version":[{"id":1362,"href":"https:\/\/karate-lanester.org\/index.php\/wp-json\/wp\/v2\/posts\/1361\/revisions\/1362"}],"wp:attachment":[{"href":"https:\/\/karate-lanester.org\/index.php\/wp-json\/wp\/v2\/media?parent=1361"}],"wp:term":[{"taxonomy":"category","embeddable":true,"href":"https:\/\/karate-lanester.org\/index.php\/wp-json\/wp\/v2\/categories?post=1361"},{"taxonomy":"post_tag","embeddable":true,"href":"https:\/\/karate-lanester.org\/index.php\/wp-json\/wp\/v2\/tags?post=1361"}],"curies":[{"name":"wp","href":"https:\/\/api.w.org\/{rel}","templated":true}]}}