{"id":1518,"date":"2020-02-17T11:08:02","date_gmt":"2020-02-17T10:08:02","guid":{"rendered":"http:\/\/karate-lanester.org\/?p=1518"},"modified":"2020-02-17T11:12:03","modified_gmt":"2020-02-17T10:12:03","slug":"michel-renda-5eme-dan","status":"publish","type":"post","link":"https:\/\/karate-lanester.org\/index.php\/2020\/02\/17\/michel-renda-5eme-dan\/","title":{"rendered":"Michel RENDA 5\u00e8me Dan"},"content":{"rendered":"\n<h2 class=\"wp-block-heading\"><\/h2>\n\n\n\n<p>Michel Renda obtient le 5<sup>\u00e8me<\/sup> Dan<br><\/p>\n\n\n\n<p>Michel RENDA a\npass\u00e9 avec succ\u00e8s les \u00e9preuves du passage de grades qui s\u2019est d\u00e9roul\u00e9 samedi 15\nf\u00e9vrier \u00e0 PLOERMEL. Michel rejoint Sophie et Philippe d\u00e9j\u00e0 titulaires de ce grade,\nprofesseurs comme lui au sein du Foyer La\u00efque de Lanester.<\/p>\n\n\n\n<figure class=\"wp-block-image\"><img loading=\"lazy\" decoding=\"async\" width=\"309\" height=\"465\" src=\"https:\/\/karate-lanester.org\/wp-content\/uploads\/2020\/02\/1989-2\u00e8me-Dan-6.jpg\" alt=\"\" class=\"wp-image-1519\" srcset=\"https:\/\/karate-lanester.org\/wp-content\/uploads\/2020\/02\/1989-2\u00e8me-Dan-6.jpg 309w, https:\/\/karate-lanester.org\/wp-content\/uploads\/2020\/02\/1989-2\u00e8me-Dan-6-199x300.jpg 199w\" sizes=\"auto, (max-width: 309px) 100vw, 309px\" \/><figcaption>juin 1989, \u00e9preuve combat au 2\u00e8me Dan, Michel esquive un Mae Geri de M Tertray son adversaire du jour. <br><\/figcaption><\/figure>\n\n\n\n<p><em>Esquive\nen 1989 examen de 2<sup>\u00e8me<\/sup> dan pendant l\u2019\u00e9preuve combat.<\/em><\/p>\n\n\n\n<figure class=\"wp-block-image\"><img loading=\"lazy\" decoding=\"async\" width=\"1024\" height=\"576\" src=\"https:\/\/karate-lanester.org\/wp-content\/uploads\/2020\/02\/LRG_5795-1024x576.jpg\" alt=\"\" class=\"wp-image-1520\" srcset=\"https:\/\/karate-lanester.org\/wp-content\/uploads\/2020\/02\/LRG_5795-1024x576.jpg 1024w, https:\/\/karate-lanester.org\/wp-content\/uploads\/2020\/02\/LRG_5795-300x169.jpg 300w, https:\/\/karate-lanester.org\/wp-content\/uploads\/2020\/02\/LRG_5795-768x432.jpg 768w, https:\/\/karate-lanester.org\/wp-content\/uploads\/2020\/02\/LRG_5795-1320x743.jpg 1320w\" sizes=\"auto, (max-width: 1024px) 100vw, 1024px\" \/><figcaption> <br><em>Gala FLL 2018. Application de kata. Michel explique la g\u00e9om\u00e9trie dans l\u2019espace \u00e0 son partenaire<\/em> !<\/figcaption><\/figure>\n\n\n\n<p><a href=\"https:\/\/karate-lanester.org\/index.php\/effectifs\/\">Le FLL est encadr\u00e9 par 24 ceintures noires\u00a0:<\/a><br> \u00a0un 6<sup>\u00e8me<\/sup> Dan, trois 5<sup>\u00e8me<\/sup> Dan, deux 4<sup>\u00e8me<\/sup> Dan, trois 3<sup>\u00e8me<\/sup> Dan, six 1<sup>er<\/sup> Dan.\u00a0<\/p>\n\n\n\n<div class=\"wp-block-file\"><a href=\"https:\/\/karate-lanester.org\/wp-content\/uploads\/2020\/02\/Michel-Renda-obtient-le-5\u00e8me-Dan.pdf\">version pdf : Michel-Renda-obtient-le-5\u00e8me-Dan<\/a><a href=\"https:\/\/karate-lanester.org\/wp-content\/uploads\/2020\/02\/Michel-Renda-obtient-le-5\u00e8me-Dan.pdf\" class=\"wp-block-file__button\" download>T\u00e9l\u00e9charger<\/a><\/div>\n\n\n\n<p><strong>L\u2019examen pour l\u2019obtention du 5\u00e8meDan est constitu\u00e9 de 4\u00e9preuves : le kihon, le kumit\u00e9, le kata et le bunka\u00ef. <\/strong><\/p>\n\n\n\n<p>Le candidat est\nexamin\u00e9 par deux jurys diff\u00e9rents compos\u00e9s chacun de trois juges. Chaque jury \u00e9value\nles candidats au travers d\u2019\u00e9preuves m\u00ealant technique et combat.<br>\nPour toutes les \u00e9preuves \u00e0 2, Le candidat est \u00e9valu\u00e9 avec un partenaire choisit\nparmi les postulants.<\/p>\n\n\n\n<p><a href=\"https:\/\/fr.wikipedia.org\/wiki\/Kihon#Au_karat%C3%A9\">KIHON<\/a>&nbsp;: \u00ab&nbsp;d\u00e9montrer les techniques\ndu Karat\u00e9-do.<br>\nLe candidat r\u00e9alise\nun kihon libre compos\u00e9 de s\u00e9ries d\u2019enchainements de son choix dans diff\u00e9rentes directions tout en se d\u00e9pla\u00e7ant.<br>\nIl doit ensuite r\u00e9aliser avec un partenaire des s\u00e9quences issues de son kihon\nd\u00e9montr\u00e9es en percussion sur cibles. Pour cette seconde partie, la recherche de\nla distance et la maitrise des techniques sont les crit\u00e8res privil\u00e9gi\u00e9s.<\/p>\n\n\n\n<p><a href=\"https:\/\/fr.wikipedia.org\/wiki\/Kumite\">KUMITE<\/a> : Tous les param\u00e8tres relatifs au combat sont\n\u00e0 d\u00e9montrer.<br>\n<br>\n<\/p>\n\n\n\n<p>Le nombre\nd\u2019attaques libres est fix\u00e9 \u00e0 six (\u00e0 droite ou \u00e0 gauche). Attaques et d\u00e9fenses\nsont \u00e0 varier selon les opportunit\u00e9s offertes par le d\u00e9roulement du combat.<br>\nPour appr\u00e9cier la prestation, les\njuges se basent sur les crit\u00e8res suivants&nbsp;:<br>\nAisance dans les d\u00e9placements et\nmaitrise de la distance&nbsp;;<br>\nPuissance et d\u00e9termination des attaques et des d\u00e9fenses&nbsp;Ma\u00eetrise et\npr\u00e9cision des techniques;<br>\nStabilit\u00e9 et \u00e9quilibre dans l\u2019attaque et la contre-attaque.<br>\nLes d\u00e9fenses et les contre-attaques doivent d\u00e9montrer la ma\u00eetrise par les\ncandidats de deux notions fondamentales du karat\u00e9 : Go no Sen et Sen non Sen.<br>\n<a href=\"https:\/\/fr.wikipedia.org\/wiki\/Kime\">Kim\u00e9<\/a> (esprit de d\u00e9cision,\npr\u00e9cision et recherche de l\u2019efficacit\u00e9 extr\u00eame)<br>\n<a href=\"https:\/\/fr.wikipedia.org\/wiki\/Karat%C3%A9\">Zanshin<\/a> (vacuit\u00e9\nmentale et concentration). La concentration doit \u00eatre maintenue durant tout\nl\u2019exercice, et avec la m\u00eame intensit\u00e9 aussi bien avant qu\u2019apr\u00e8s l\u2019attaque (ou\nla d\u00e9fense).<\/p>\n\n\n\n<p>Cette \u00e9preuve se conclut par un assaut libre et souple non r\u00e9glement\u00e9, \u00e9valu\u00e9 selon les m\u00eames crit\u00e8res&nbsp;:\nTravail en souplesse avec\ncontr\u00f4le absolu \u00e0 tous les niveaux, aisance dans les d\u00e9placements, Vari\u00e9t\u00e9s des\ntechniques etc..<\/p>\n\n\n\n<p><strong><em><a href=\"https:\/\/fr.wikipedia.org\/wiki\/Kata\">Kata<\/a>&nbsp;: Le candidat doit r\u00e9aliser deux Kata libres<\/em><\/strong><\/p>\n\n\n\n<p>D\u2019autres\ncrit\u00e8res servent \u00e0 la cotation de la prestation&nbsp;:<\/p>\n\n\n\n<p>La pr\u00e9sentation La tenue et le\ncomportement du candidat doivent \u00eatre impeccables.<br>\nLe c\u00e9r\u00e9monial et l&rsquo;\u00e9tiquette<br>\nLa concentration<br>\nL&rsquo;\u00e9quilibre et la stabilit\u00e9 La ma\u00eetrise des d\u00e9placements est essentielle et\ntoute perte d&rsquo;\u00e9quilibre, glissade ou chute doit \u00eatre sanctionn\u00e9e.<br>\nLe rythme et le tempo &nbsp;&nbsp;<br>\nLa puissance Les techniques doivent d\u00e9gager une impression d&rsquo;efficacit\u00e9.<br>\nLe regard.<br>\nLa respiration et le <a href=\"https:\/\/fr.wikipedia.org\/wiki\/Kiai\">Kia\u00ef<\/a>. La\nrespiration est le support de l&rsquo;\u00e9nergie, elle conditionne les moments de force\net de faiblesse de notre organisme. <\/p>\n\n\n\n<p><strong><a href=\"https:\/\/fr.wikipedia.org\/wiki\/Bunkai\">Bunkai<\/a>&nbsp;:<\/strong> le candidat pr\u00e9sente\nla mise en application de plusieurs techniques et s\u00e9quences des Kata de son choix. <\/p>\n\n\n\n<p><\/p>\n","protected":false},"excerpt":{"rendered":"<p>Michel Renda obtient le 5\u00e8me Dan Michel RENDA a pass\u00e9 avec succ\u00e8s les \u00e9preuves du passage de grades qui s\u2019est d\u00e9roul\u00e9 samedi 15 f\u00e9vrier \u00e0 PLOERMEL. Michel rejoint Sophie et Philippe d\u00e9j\u00e0 titulaires de ce grade, professeurs comme lui au &hellip; <a href=\"https:\/\/karate-lanester.org\/index.php\/2020\/02\/17\/michel-renda-5eme-dan\/\">Continuer la lecture <span class=\"meta-nav\">&rarr;<\/span><\/a><\/p>\n","protected":false},"author":1,"featured_media":0,"comment_status":"open","ping_status":"open","sticky":false,"template":"","format":"standard","meta":{"footnotes":""},"categories":[1],"tags":[5],"class_list":["post-1518","post","type-post","status-publish","format-standard","hentry","category-non-classe","tag-non-classe"],"_links":{"self":[{"href":"https:\/\/karate-lanester.org\/index.php\/wp-json\/wp\/v2\/posts\/1518","targetHints":{"allow":["GET"]}}],"collection":[{"href":"https:\/\/karate-lanester.org\/index.php\/wp-json\/wp\/v2\/posts"}],"about":[{"href":"https:\/\/karate-lanester.org\/index.php\/wp-json\/wp\/v2\/types\/post"}],"author":[{"embeddable":true,"href":"https:\/\/karate-lanester.org\/index.php\/wp-json\/wp\/v2\/users\/1"}],"replies":[{"embeddable":true,"href":"https:\/\/karate-lanester.org\/index.php\/wp-json\/wp\/v2\/comments?post=1518"}],"version-history":[{"count":3,"href":"https:\/\/karate-lanester.org\/index.php\/wp-json\/wp\/v2\/posts\/1518\/revisions"}],"predecessor-version":[{"id":1524,"href":"https:\/\/karate-lanester.org\/index.php\/wp-json\/wp\/v2\/posts\/1518\/revisions\/1524"}],"wp:attachment":[{"href":"https:\/\/karate-lanester.org\/index.php\/wp-json\/wp\/v2\/media?parent=1518"}],"wp:term":[{"taxonomy":"category","embeddable":true,"href":"https:\/\/karate-lanester.org\/index.php\/wp-json\/wp\/v2\/categories?post=1518"},{"taxonomy":"post_tag","embeddable":true,"href":"https:\/\/karate-lanester.org\/index.php\/wp-json\/wp\/v2\/tags?post=1518"}],"curies":[{"name":"wp","href":"https:\/\/api.w.org\/{rel}","templated":true}]}}