{"id":1546,"date":"2020-03-06T12:20:13","date_gmt":"2020-03-06T11:20:13","guid":{"rendered":"http:\/\/karate-lanester.org\/?p=1546"},"modified":"2020-03-06T12:20:14","modified_gmt":"2020-03-06T11:20:14","slug":"master-class-ploermel-le-21-mars-2020","status":"publish","type":"post","link":"https:\/\/karate-lanester.org\/index.php\/2020\/03\/06\/master-class-ploermel-le-21-mars-2020\/","title":{"rendered":"MASTER CLASS PLOERMEL le 21 mars 2020"},"content":{"rendered":"\n<p style=\"text-align:center\"><a href=\"http:\/\/sites.ffkarate.fr\/morbihan\/actualites\/master-class-cdk56\/\">Le CDK56 organise un stage avec les experts des disciplines de la F\u00e9d\u00e9ration Fran\u00e7aise de Karat\u00e9. <\/a><\/p>\n\n\n\n<p><strong>Licenci\u00e9s FFK ou pratiquants pieds poings vous \u00eates tous les bienvenus pour \u00e9changer lors d\u2019une journ\u00e9e d\u00e9di\u00e9e \u00e0 la pratique et \u00e0 la d\u00e9couverte de ces disciplines dans le dojo du Centre r\u00e9gional des arts martiaux \u00e0 PLOERMEL.<\/strong><\/p>\n\n\n\n<p><em>renseignements : Nicolas JEGO &#8211; responsable INTERDISCIPLINES 56 &#8211; 07 60 50 04 79<\/em><\/p>\n\n\n\n<p><strong>S\u00e9ance :<\/strong><br> 09h00 \u2013 17h00<br> Pause \u00e0 midi 02h00  <\/p>\n\n\n\n<figure class=\"wp-block-image\"><img decoding=\"async\" src=\"https:\/\/karate-lanester.org\/wp-content\/uploads\/2020\/03\/Master-Class-Affiche_A.png\" alt=\"\" class=\"wp-image-1549\"\/><\/figure>\n\n\n\n<p><strong>Lieux<\/strong><br>\nCentre R\u00e9gional des Arts Martiaux<br>\nRue Pierre de Coubertin<br>\n56800 PLOERMEL<br>\n<a href=\"https:\/\/goo.gl\/maps\/jRy5W5umhZSvwoQw5\" target=\"_blank\" rel=\"noreferrer noopener\">Afficher sur\nGoogle Maps<\/a><\/p>\n\n\n\n<p><strong>Tarifs<\/strong><br>\nInscription en ligne : 25 \u20ac<br>\nInscription sur place : 35 \u20ac<\/p>\n\n\n\n<p><strong>Inscription \u2013 Fin des inscriptions en ligne le Jeudi 19 Mars 2020<\/strong><br>\n<a href=\"http:\/\/sites.ffkarate.fr\/morbihan\/wp-content\/uploads\/sites\/13\/2020\/01\/CDK56-Master-Class-Fiche-dinscription.pdf\">Feuille\nd\u2019inscription<\/a>&nbsp;\u00e0 renvoyer \u00e0 l\u2019adresse suivante : <a href=\"mailto:stages@cdk56.fr\">stages@cdk56.fr<\/a><\/p>\n","protected":false},"excerpt":{"rendered":"<p>Le CDK56 organise un stage avec les experts des disciplines de la F\u00e9d\u00e9ration Fran\u00e7aise de Karat\u00e9. Licenci\u00e9s FFK ou pratiquants pieds poings vous \u00eates tous les bienvenus pour \u00e9changer lors d\u2019une journ\u00e9e d\u00e9di\u00e9e \u00e0 la pratique et \u00e0 la d\u00e9couverte &hellip; <a href=\"https:\/\/karate-lanester.org\/index.php\/2020\/03\/06\/master-class-ploermel-le-21-mars-2020\/\">Continuer la lecture <span class=\"meta-nav\">&rarr;<\/span><\/a><\/p>\n","protected":false},"author":1,"featured_media":0,"comment_status":"open","ping_status":"open","sticky":false,"template":"","format":"standard","meta":{"footnotes":""},"categories":[1],"tags":[5],"class_list":["post-1546","post","type-post","status-publish","format-standard","hentry","category-non-classe","tag-non-classe"],"_links":{"self":[{"href":"https:\/\/karate-lanester.org\/index.php\/wp-json\/wp\/v2\/posts\/1546","targetHints":{"allow":["GET"]}}],"collection":[{"href":"https:\/\/karate-lanester.org\/index.php\/wp-json\/wp\/v2\/posts"}],"about":[{"href":"https:\/\/karate-lanester.org\/index.php\/wp-json\/wp\/v2\/types\/post"}],"author":[{"embeddable":true,"href":"https:\/\/karate-lanester.org\/index.php\/wp-json\/wp\/v2\/users\/1"}],"replies":[{"embeddable":true,"href":"https:\/\/karate-lanester.org\/index.php\/wp-json\/wp\/v2\/comments?post=1546"}],"version-history":[{"count":3,"href":"https:\/\/karate-lanester.org\/index.php\/wp-json\/wp\/v2\/posts\/1546\/revisions"}],"predecessor-version":[{"id":1550,"href":"https:\/\/karate-lanester.org\/index.php\/wp-json\/wp\/v2\/posts\/1546\/revisions\/1550"}],"wp:attachment":[{"href":"https:\/\/karate-lanester.org\/index.php\/wp-json\/wp\/v2\/media?parent=1546"}],"wp:term":[{"taxonomy":"category","embeddable":true,"href":"https:\/\/karate-lanester.org\/index.php\/wp-json\/wp\/v2\/categories?post=1546"},{"taxonomy":"post_tag","embeddable":true,"href":"https:\/\/karate-lanester.org\/index.php\/wp-json\/wp\/v2\/tags?post=1546"}],"curies":[{"name":"wp","href":"https:\/\/api.w.org\/{rel}","templated":true}]}}