{"id":1572,"date":"2020-03-13T13:58:07","date_gmt":"2020-03-13T12:58:07","guid":{"rendered":"http:\/\/karate-lanester.org\/?p=1572"},"modified":"2020-03-13T13:58:08","modified_gmt":"2020-03-13T12:58:08","slug":"cours-enfants-supprime-parallelement-aux-fermetures-decole","status":"publish","type":"post","link":"https:\/\/karate-lanester.org\/index.php\/2020\/03\/13\/cours-enfants-supprime-parallelement-aux-fermetures-decole\/","title":{"rendered":"Cours enfants supprim\u00e9 parall\u00e8lement aux fermetures d\u2019\u00e9cole"},"content":{"rendered":"\n<p>Cours enfants supprim\u00e9 parall\u00e8lement aux fermetures d\u2019\u00e9coles.<\/p>\n\n\n\n<p>Bonjour \u00e0 tous<\/p>\n\n\n\n<marquee> <span style=\"color: #ff0000;\">IL N\u2019Y AURA PAS DE COURS ENFANTS demain SAMEDI 14 MARS 2020<\/marquee>\n\n\n\n<p>Tenant compte de l\u2019\u00e9volution de la situation li\u00e9e au coronavirus\net notamment de la d\u00e9cision de l\u2019\u00e9tat de fermer les \u00e9coles, nous alignons nos\nrestrictions de cours concernant le cours enfants.<\/p>\n\n\n\n<p>Nous attendrons les consignes de la pr\u00e9fecture du Morbihan\npour assouplir ou durcir cette situation.<\/p>\n\n\n\n<p>S\u2019agissant des autres cours accueillant des publics mixant\nscolaires et autres populations, nous les maintenons pour le moment sauf \u00e0\navoir des consignes diff\u00e9rentes de la pr\u00e9fecture.<\/p>\n\n\n\n<p>Il est rappel\u00e9 \u00e0 tous les consignes&nbsp;:<br>\n<em><a href=\"https:\/\/www.gouvernement.fr\/info-coronavirus\">https:\/\/www.gouvernement.fr\/info-coronavirus<\/a>)<\/em><\/p>\n\n\n\n<p><em>Face au coronavirus, il\nexiste des gestes simples pour pr\u00e9server votre sant\u00e9 et celle de votre\nentourage :<\/em><\/p>\n\n\n\n<ul class=\"wp-block-list\"><li><em>Se laver les mains tr\u00e8s\n     r\u00e9guli\u00e8rement.<\/em><\/li><li><em>Tousser ou \u00e9ternuer dans son\n     coude ou dans un mouchoir.<\/em><\/li><li><em>Saluer sans se serrer la main,\n     \u00e9viter les embrassades<\/em><\/li><li><em>Utiliser des mouchoirs \u00e0 usage\n     unique et les jeter.<\/em><\/li><\/ul>\n\n\n\n<p>A chacun d\u2019avoir un comportement adulte et responsable surtout quand il envisage\nde participer \u00e0 un cours collectif qui en moyenne rassemble entre 12 et 18\npersonnes.<br>\n<br>\n<\/p>\n\n\n\n<p><strong>Pr\u00e9conisation de s\u00e9ance<\/strong>. Il est important de privil\u00e9gier l\u2019\u00e9tude des\ntechniques en \u00e9volution sans mise en situation 2 par 2.<\/p>\n\n\n\n<p>Pour cela il faut organiser ses cours sur le sch\u00e9ma des kihon en ligne,\nkihon multi directionnel, katas.<\/p>\n","protected":false},"excerpt":{"rendered":"<p>Cours enfants supprim\u00e9 parall\u00e8lement aux fermetures d\u2019\u00e9coles. Bonjour \u00e0 tous IL N\u2019Y AURA PAS DE COURS ENFANTS demain SAMEDI 14 MARS 2020 Tenant compte de l\u2019\u00e9volution de la situation li\u00e9e au coronavirus et notamment de la d\u00e9cision de l\u2019\u00e9tat de &hellip; <a href=\"https:\/\/karate-lanester.org\/index.php\/2020\/03\/13\/cours-enfants-supprime-parallelement-aux-fermetures-decole\/\">Continuer la lecture <span class=\"meta-nav\">&rarr;<\/span><\/a><\/p>\n","protected":false},"author":1,"featured_media":0,"comment_status":"open","ping_status":"open","sticky":false,"template":"","format":"standard","meta":{"footnotes":""},"categories":[1],"tags":[5],"class_list":["post-1572","post","type-post","status-publish","format-standard","hentry","category-non-classe","tag-non-classe"],"_links":{"self":[{"href":"https:\/\/karate-lanester.org\/index.php\/wp-json\/wp\/v2\/posts\/1572","targetHints":{"allow":["GET"]}}],"collection":[{"href":"https:\/\/karate-lanester.org\/index.php\/wp-json\/wp\/v2\/posts"}],"about":[{"href":"https:\/\/karate-lanester.org\/index.php\/wp-json\/wp\/v2\/types\/post"}],"author":[{"embeddable":true,"href":"https:\/\/karate-lanester.org\/index.php\/wp-json\/wp\/v2\/users\/1"}],"replies":[{"embeddable":true,"href":"https:\/\/karate-lanester.org\/index.php\/wp-json\/wp\/v2\/comments?post=1572"}],"version-history":[{"count":2,"href":"https:\/\/karate-lanester.org\/index.php\/wp-json\/wp\/v2\/posts\/1572\/revisions"}],"predecessor-version":[{"id":1574,"href":"https:\/\/karate-lanester.org\/index.php\/wp-json\/wp\/v2\/posts\/1572\/revisions\/1574"}],"wp:attachment":[{"href":"https:\/\/karate-lanester.org\/index.php\/wp-json\/wp\/v2\/media?parent=1572"}],"wp:term":[{"taxonomy":"category","embeddable":true,"href":"https:\/\/karate-lanester.org\/index.php\/wp-json\/wp\/v2\/categories?post=1572"},{"taxonomy":"post_tag","embeddable":true,"href":"https:\/\/karate-lanester.org\/index.php\/wp-json\/wp\/v2\/tags?post=1572"}],"curies":[{"name":"wp","href":"https:\/\/api.w.org\/{rel}","templated":true}]}}