{"id":1747,"date":"2020-07-03T21:58:30","date_gmt":"2020-07-03T20:58:30","guid":{"rendered":"http:\/\/karate-lanester.org\/?p=1747"},"modified":"2020-07-03T21:58:31","modified_gmt":"2020-07-03T20:58:31","slug":"constitution-du-bureau-de-section-a-partir-de-juillet-2020","status":"publish","type":"post","link":"https:\/\/karate-lanester.org\/index.php\/2020\/07\/03\/constitution-du-bureau-de-section-a-partir-de-juillet-2020\/","title":{"rendered":"constitution du bureau de section \u00e0 partir de juillet 2020"},"content":{"rendered":"\n<p>les membres du bureau se sont r\u00e9unis vendredi 3 juillet et ont d\u00e9cid\u00e9 :<\/p>\n\n\n\n<h1 class=\"wp-block-heading\">Qui fait quoi&nbsp;?<\/h1>\n\n\n\n<p>&nbsp;Membres du bureau \u00e9lus\navec droit de vote au CA DU FLL&nbsp;: Roger, Nathalie, Henri.<\/p>\n\n\n\n<p>Le Pr\u00e9sident d\u00e9l\u00e9gu\u00e9 de section, Pierre Yves, si\u00e8ge au CA\nsans droit de vote.<\/p>\n\n\n\n<h1 class=\"wp-block-heading\">Les fonctions dans la section&nbsp;:<\/h1>\n\n\n\n<p>Les rapports avec la F\u00e9d\u00e9ration&nbsp;:<\/p>\n\n\n\n<ul class=\"wp-block-list\"><li>Prises de licences&nbsp;&nbsp; Herv\u00e9 JUDIC, Pierre Yves LE TROCQUER<\/li><li>Inscriptions comp\u00e9titions Pierre Yves LE\nTROCQUER<\/li><li>Affiches\u2026 bureau<\/li><\/ul>\n\n\n\n<p>Les rapports avec la ligue et le d\u00e9partement&nbsp;:<\/p>\n\n\n\n<ul class=\"wp-block-list\"><li>Participations aux AG et r\u00e9unions\n\u00e9ventuelles&nbsp;; Pierre Yves LE TROCQUER ou d\u00e9l\u00e9gu\u00e9<\/li><\/ul>\n\n\n\n<p>Les rapports avec le FLL&nbsp;: <\/p>\n\n\n\n<ul class=\"wp-block-list\"><li>Participation au CA&nbsp;; Nathalie RENAULT,\nRoger SIOHAN, Henri ROYE.<\/li><li>Participation \u00e0 d\u2019\u00e9ventuelles commissions.\nMembres du CA<\/li><\/ul>\n\n\n\n<p>Les postes au sein du bureau&nbsp;:<\/p>\n\n\n\n<ul class=\"wp-block-list\"><li>Pr\u00e9sident d\u00e9l\u00e9gu\u00e9 &nbsp;&nbsp;\/ Pierre Yves LE TROCQUER<\/li><\/ul>\n\n\n\n\n\n<ul class=\"wp-block-list\"><li>Tr\u00e9sorerie et Secr\u00e9tariat&nbsp;: les postes ne\nsont pas nomm\u00e9ment attribu\u00e9s, mais les fonctions sont d\u00e9finies dans le tableau\nci-dessous&nbsp;:<\/li><\/ul>\n\n\n\n<figure class=\"wp-block-image size-large\"><img loading=\"lazy\" decoding=\"async\" width=\"1024\" height=\"576\" src=\"https:\/\/karate-lanester.org\/wp-content\/uploads\/2020\/07\/Diapositive1-1024x576.jpg\" alt=\"\" class=\"wp-image-1748\" srcset=\"https:\/\/karate-lanester.org\/wp-content\/uploads\/2020\/07\/Diapositive1-1024x576.jpg 1024w, https:\/\/karate-lanester.org\/wp-content\/uploads\/2020\/07\/Diapositive1-300x169.jpg 300w, https:\/\/karate-lanester.org\/wp-content\/uploads\/2020\/07\/Diapositive1-768x432.jpg 768w, https:\/\/karate-lanester.org\/wp-content\/uploads\/2020\/07\/Diapositive1.jpg 1280w\" sizes=\"auto, (max-width: 1024px) 100vw, 1024px\" \/><\/figure>\n","protected":false},"excerpt":{"rendered":"<p>les membres du bureau se sont r\u00e9unis vendredi 3 juillet et ont d\u00e9cid\u00e9 : Qui fait quoi&nbsp;? &nbsp;Membres du bureau \u00e9lus avec droit de vote au CA DU FLL&nbsp;: Roger, Nathalie, Henri. Le Pr\u00e9sident d\u00e9l\u00e9gu\u00e9 de section, Pierre Yves, si\u00e8ge &hellip; <a href=\"https:\/\/karate-lanester.org\/index.php\/2020\/07\/03\/constitution-du-bureau-de-section-a-partir-de-juillet-2020\/\">Continuer la lecture <span class=\"meta-nav\">&rarr;<\/span><\/a><\/p>\n","protected":false},"author":1,"featured_media":0,"comment_status":"open","ping_status":"open","sticky":false,"template":"","format":"standard","meta":{"footnotes":""},"categories":[1],"tags":[5],"class_list":["post-1747","post","type-post","status-publish","format-standard","hentry","category-non-classe","tag-non-classe"],"_links":{"self":[{"href":"https:\/\/karate-lanester.org\/index.php\/wp-json\/wp\/v2\/posts\/1747","targetHints":{"allow":["GET"]}}],"collection":[{"href":"https:\/\/karate-lanester.org\/index.php\/wp-json\/wp\/v2\/posts"}],"about":[{"href":"https:\/\/karate-lanester.org\/index.php\/wp-json\/wp\/v2\/types\/post"}],"author":[{"embeddable":true,"href":"https:\/\/karate-lanester.org\/index.php\/wp-json\/wp\/v2\/users\/1"}],"replies":[{"embeddable":true,"href":"https:\/\/karate-lanester.org\/index.php\/wp-json\/wp\/v2\/comments?post=1747"}],"version-history":[{"count":1,"href":"https:\/\/karate-lanester.org\/index.php\/wp-json\/wp\/v2\/posts\/1747\/revisions"}],"predecessor-version":[{"id":1749,"href":"https:\/\/karate-lanester.org\/index.php\/wp-json\/wp\/v2\/posts\/1747\/revisions\/1749"}],"wp:attachment":[{"href":"https:\/\/karate-lanester.org\/index.php\/wp-json\/wp\/v2\/media?parent=1747"}],"wp:term":[{"taxonomy":"category","embeddable":true,"href":"https:\/\/karate-lanester.org\/index.php\/wp-json\/wp\/v2\/categories?post=1747"},{"taxonomy":"post_tag","embeddable":true,"href":"https:\/\/karate-lanester.org\/index.php\/wp-json\/wp\/v2\/tags?post=1747"}],"curies":[{"name":"wp","href":"https:\/\/api.w.org\/{rel}","templated":true}]}}