{"id":1805,"date":"2020-09-05T17:00:02","date_gmt":"2020-09-05T16:00:02","guid":{"rendered":"http:\/\/karate-lanester.org\/?p=1805"},"modified":"2020-09-05T17:00:04","modified_gmt":"2020-09-05T16:00:04","slug":"cest-la-reprise","status":"publish","type":"post","link":"https:\/\/karate-lanester.org\/index.php\/2020\/09\/05\/cest-la-reprise\/","title":{"rendered":"c&rsquo;est la REPRISE.."},"content":{"rendered":"\n<p> La reprise du karat\u00e9 approche \u00e0 grands pas et nous avons choisi de publier ce texte pour vous informer des modalit\u00e9s qui auront cours cette saison 2020\/2021.<br><\/p>\n\n\n\n<p>Les r\u00e8gles de pr\u00e9caution sanitaire&nbsp;: masque, gel,\ndistanciation, nettoyage<em>.<\/em><br>\nVous le savez, le virus circule, et les\nrecommandations qui nous sont faites sont de nature \u00e0 nous pr\u00e9server et nous\npermettre de pratiquer notre activit\u00e9, le karat\u00e9.<br>\nNous ne sommes pas les seuls utilisateurs du dojo et nous devons \u00e9videmment,\ncomme les autres sections, en tenir compte.<br>\nLe port du masque est obligatoire dans le b\u00e2timent, sauf au\nmoment de pratiquer le karat\u00e9. En cons\u00e9quence, les personnes qui assistent \u00e0\nune s\u00e9ance depuis le banc du dojo devront le porter constamment en respectant\nune distance d\u2019un m\u00e8tre avec leurs voisins (sauf cas de famille).<br>\nDu gel hydroalcoolique est \u00e0 disposition \u00e0 l\u2019entr\u00e9e. Il est recommand\u00e9 de\nl\u2019utiliser avant de se rendre au vestiaire et, pour les pieds, avant de monter\nsur le tatami.<br>\n<br>\nL\u2019utilisation des\nvestiaires et sanitaires&nbsp;:<br>\nDepuis le 13 ao\u00fbt (d\u00e9cret n\u00b0 2020-1035)\nl\u2019acc\u00e8s aux vestiaires collectifs est \u00e0 nouveau autoris\u00e9, dans le strict\nrespect des protocoles sanitaires.<br>\nLes d\u00e9placements entre le vestiaire et les tatamis devront se faire en\nsandales.<br>\n<br>\nLes d\u00e9placement \u00e0\nl\u2019int\u00e9rieur du Foyer La\u00efque&nbsp;: entr\u00e9es et sorties<br>\nL\u2019acc\u00e8s au dojo se fera par l\u2019entr\u00e9e\nprincipale du Foyer, rue G\u00e9rard Philipe.<br>\nLa sortie du dojo se fera par l\u2019escalier qui m\u00e8ne au parking derri\u00e8re le Foyer,\nrue Madame Geoffroy.<br>\n<br>\nLes cours&nbsp;:<br>\nUn relev\u00e9 nominatif de pr\u00e9sence sera effectu\u00e9\n\u00e0 chaque s\u00e9ance. Ce document sera conserv\u00e9 au dojo. En cas de personne touch\u00e9e\npar le COVID, il nous permettra de pr\u00e9venir les autres participants \u00e0 ce m\u00eame\ncours.<br>\n<br>\n<br>\nLes dispositions en fin de\ncours&nbsp;:<br>\nA chaque fin de cours il sera proc\u00e9d\u00e9 \u00e0 un\nnettoyage des lieux, afin de garantir aux pratiquants suivants un maximum le\nm\u00eame niveau de s\u00e9curit\u00e9 sanitaire.<br>\nIl sera demand\u00e9 \u00e0 quelques volontaires de se mobiliser pour ces t\u00e2ches.<\/p>\n\n\n\n<figure class=\"wp-block-table\"><table class=\"\"><tbody><tr><td>\n    \n    <a href=\"https:\/\/karate-lanester.org\/index.php\/horaires-de-cours\/\">La traditionnelle s\u00e9ance d\u2019inscriptions est\n    programm\u00e9e le<br>\n    Vendredi 4 septembre 2020 \u00e0 18h30 au DOJO<br>\n    <br>\n    vous pourrez ensuite vous inscrire en vous pr\u00e9sentant\n    aux heures de cours<br>\n    Les 3 premiers cours sont accessibles \u00e0 l\u2019essai.<br>\n    <\/a>\n    \n    <\/td><\/tr><\/tbody><\/table><\/figure>\n\n\n\n<p><\/p>\n\n\n\n<p>      Les tarifs de la saison&nbsp;: inchang\u00e9s<br> Les tarifs n\u2019ont pas \u00e9volu\u00e9. La carte du Foyer La\u00efque \u2013 adh\u00e9sion au FLL \u2013 est toujours de 30\u20ac, la licence f\u00e9d\u00e9rale Karat\u00e9 \u2013 adh\u00e9sion \u00e0 la FFKDA \u2013 est toujours de 37\u20ac, la diff\u00e9rence entre ces 67\u20ac et la somme que vous payez en d\u00e9but de saison repr\u00e9sente les cours et le fonctionnement de la section karat\u00e9.<br><br> Votre cotisation&nbsp;:<br> Est \u00e0 payer en d\u00e9but de saison. Le FLL accepte les ch\u00e8ques vacances, les bons de CAF, et privil\u00e9gie le paiement par ch\u00e8que bancaire en compl\u00e9ment ou \u00e0 la place de ces bons.<br> Vous pouvez payer en \u00e9tablissant plusieurs ch\u00e8ques, qui seront pr\u00e9sent\u00e9s en banque chaque mois, sauf le mois de d\u00e9cembre&nbsp;!<br><br> Les documents \u00e0 fournir&nbsp;:<br> Le certificat m\u00e9dical annuel est obligatoire dans notre f\u00e9d\u00e9ration. Veuillez-nous le remettre d\u00e8s l\u2019inscription.<br> L\u2019attestation \u00e9crite par le Foyer, qui se trouve en page suivante.<br> Le paiement de votre cotisation peut se faire par Ch\u00e8ques bancaires, ch\u00e8ques vacances, bons de la CAF. Vous pouvez mixer les moyens de paiement au moment de l\u2019inscription.<br> Nous encaissons les ch\u00e8ques en plusieurs fois, mais vous devez payer la totalit\u00e9 de la cotisation d\u00e8s l\u2019inscription.<br><br> Bonne reprise.<br><br> Pour le bureau de la section Karat\u00e9, Pierre-Yves LE TROCQUER<br><br><\/p>\n\n\n\n<p><br><\/p>\n","protected":false},"excerpt":{"rendered":"<p>La reprise du karat\u00e9 approche \u00e0 grands pas et nous avons choisi de publier ce texte pour vous informer des modalit\u00e9s qui auront cours cette saison 2020\/2021. Les r\u00e8gles de pr\u00e9caution sanitaire&nbsp;: masque, gel, distanciation, nettoyage. Vous le savez, le &hellip; <a href=\"https:\/\/karate-lanester.org\/index.php\/2020\/09\/05\/cest-la-reprise\/\">Continuer la lecture <span class=\"meta-nav\">&rarr;<\/span><\/a><\/p>\n","protected":false},"author":1,"featured_media":0,"comment_status":"open","ping_status":"open","sticky":false,"template":"","format":"standard","meta":{"footnotes":""},"categories":[1],"tags":[5],"class_list":["post-1805","post","type-post","status-publish","format-standard","hentry","category-non-classe","tag-non-classe"],"_links":{"self":[{"href":"https:\/\/karate-lanester.org\/index.php\/wp-json\/wp\/v2\/posts\/1805","targetHints":{"allow":["GET"]}}],"collection":[{"href":"https:\/\/karate-lanester.org\/index.php\/wp-json\/wp\/v2\/posts"}],"about":[{"href":"https:\/\/karate-lanester.org\/index.php\/wp-json\/wp\/v2\/types\/post"}],"author":[{"embeddable":true,"href":"https:\/\/karate-lanester.org\/index.php\/wp-json\/wp\/v2\/users\/1"}],"replies":[{"embeddable":true,"href":"https:\/\/karate-lanester.org\/index.php\/wp-json\/wp\/v2\/comments?post=1805"}],"version-history":[{"count":3,"href":"https:\/\/karate-lanester.org\/index.php\/wp-json\/wp\/v2\/posts\/1805\/revisions"}],"predecessor-version":[{"id":1823,"href":"https:\/\/karate-lanester.org\/index.php\/wp-json\/wp\/v2\/posts\/1805\/revisions\/1823"}],"wp:attachment":[{"href":"https:\/\/karate-lanester.org\/index.php\/wp-json\/wp\/v2\/media?parent=1805"}],"wp:term":[{"taxonomy":"category","embeddable":true,"href":"https:\/\/karate-lanester.org\/index.php\/wp-json\/wp\/v2\/categories?post=1805"},{"taxonomy":"post_tag","embeddable":true,"href":"https:\/\/karate-lanester.org\/index.php\/wp-json\/wp\/v2\/tags?post=1805"}],"curies":[{"name":"wp","href":"https:\/\/api.w.org\/{rel}","templated":true}]}}