{"id":1902,"date":"2021-01-15T10:06:13","date_gmt":"2021-01-15T09:06:13","guid":{"rendered":"http:\/\/karate-lanester.org\/?p=1902"},"modified":"2021-01-15T10:06:15","modified_gmt":"2021-01-15T09:06:15","slug":"incidence-de-levolution-de-la-situation-sanitaire-sur-la-pratique-du-karate-au-fll","status":"publish","type":"post","link":"https:\/\/karate-lanester.org\/index.php\/2021\/01\/15\/incidence-de-levolution-de-la-situation-sanitaire-sur-la-pratique-du-karate-au-fll\/","title":{"rendered":"Incidence de l&rsquo;\u00e9volution de la situation sanitaire sur la pratique du karat\u00e9 au FLL"},"content":{"rendered":"\n<p>D\u00e8s le 9 janvier , la section karat\u00e9 reprenait ses activit\u00e9s pour les enfants . Aujourd\u2019hui, vendredi 15 janvier le cours des d\u00e9butants mineurs \u2013 \u00e2g\u00e9s de 11 \u00e0 17 ans, se d\u00e9roulera au Dojo.<\/p>\n\n\n\n<p>Nous esp\u00e9rions pouvoir continuer l\u2019entrainement, au moins pour ces\ncat\u00e9gories. Las, les annonces faites par le 1<sup>er<\/sup> Ministre Monsieur\nJean Castex, nous contraignent \u00e0 ne pas prolonger au-del\u00e0 de samedi&nbsp;!<\/p>\n\n\n\n<p><br>\n<strong>LES NOUVELLES DIRECTIVES SANITAIRES EN VIGUEUR A PARTIR DE SAMEDI 16\nJANVIER<\/strong>; <br>\nUn couvre-feu \u00e0 18H00 sera mis en place \u00e0 partir de samedi \u00ab\u00a0pour au moins\n15 jours\u00a0\u00bb sur l&rsquo;ensemble du territoire m\u00e9tropolitain fran\u00e7ais, a indiqu\u00e9\nle Premier ministre, Jean Castex, pour faire face \u00e0 l&rsquo;\u00e9pid\u00e9mie de Covid-19.<br>\nLes activit\u00e9s physiques scolaires et extrascolaires en int\u00e9rieur vont \u00eatre\nsuspendues \u00ab\u00a0jusqu&rsquo;\u00e0 nouvel ordre\u00a0\u00bb pour faire face \u00e0 l&rsquo;\u00e9pid\u00e9mie de\nCovid-19, a annonc\u00e9 jeudi le Premier ministre Jean Castex.&nbsp;<br>\n\u00ab\u00a0Toutes les pratiques (sportives) d&rsquo;int\u00e9rieur seront suspendues, c&rsquo;est\nvrai en milieu scolaire, en milieu extrascolaire (&#8230;) pour quelques semaines\nprobablement\u00a0\u00bb, a ensuite poursuivi le ministre de l&rsquo;Education Jean-Michel\nBlanquer.<\/p>\n\n\n\n<p><br>\n<strong>LES DECISIONS PRISES PAR LE BUREAU DE LA SECTION KARATE REUNI AU FLL LE\nMERCREDI 13 13 JANVIER<\/strong>.<\/p>\n\n\n\n<p>Les membres du bureau karat\u00e9 se sont r\u00e9unis pour prendre des\nd\u00e9cisions concernant la saison en cours et se projeter sur la prochaine saison\n\u00e0 partir de septembre 2021.<\/p>\n\n\n\n<p>Voici le compte rendu de cette r\u00e9union pour le volet de la saison\nen cours&nbsp;:<\/p>\n\n\n\n<p>Etaient pr\u00e9sents\u00a0: Pierre Yves LE TROCQUER, Nathalie RENAULT, Roger SIOHAN, Henri ROYE, Bernard LINDENBERG\u00a0;<\/p>\n\n\n\n<p>Absent excus\u00e9\u00a0:Herv\u00e9 JUDIC<\/p>\n\n\n\n<p>La r\u00e9union s\u2019est\ntenue apr\u00e8s un \u00e9change avec \u00c9ric LE BAIL, Pr\u00e9sident du FLL, sur la situation\nglobale du Foyer et particuli\u00e8re de la section Karat\u00e9.<\/p>\n\n\n\n<h2 class=\"wp-block-heading\">Ordre du jour&nbsp;:<\/h2>\n\n\n\n<ul class=\"wp-block-list\"><li>Caler la fin de saison sur le plan des\ncotisations&nbsp;;<\/li><li>Pr\u00e9voir les modalit\u00e9s d\u2019information de nos\nadh\u00e9rents pour la saison en cours pour tout ce qui concerne les cotisations\n2020 2021&nbsp;;<\/li><li>Organisation du protocole de paiement pour la\nprochaine saison.<\/li><\/ul>\n\n\n\n<h1 class=\"wp-block-heading\">Les d\u00e9cisions prises&nbsp;:<\/h1>\n\n\n\n<ul class=\"wp-block-list\"><li>Pour la saison en cours, proc\u00e9der au\nremboursement de tous les adh\u00e9rents sur la base suivante&nbsp;:<br>\n* l\u2019adh\u00e9sion au karat\u00e9 est compos\u00e9e de la licence f\u00e9d\u00e9rale (37\u20ac), la carte FLL\n(30\u20ac), 3 trimestres de cours&nbsp;;<br>\n* un trimestre entam\u00e9 est d\u00fb en int\u00e9gralit\u00e9 (partie cours)&nbsp;;<br>\n* la licence et la carte FLL ne sont pas remboursables&nbsp;;<br>\n<strong>en cons\u00e9quence, le montant du remboursement est\n\u00e9gal \u00e0 2 trimestres de cours de la saison 2020\/2021.<\/strong><\/li><li>Nous souhaitons tous reprendre le plus\nvite possible le karat\u00e9 mais nous devons tenir compte des directives sanitaires\nen vigueur. Rien ne nous permet de dire qu\u2019une reprise dans les prochaines\nsemaines nous permettrait de terminer l\u2019ann\u00e9e sportive. <br>\n<strong>En cons\u00e9quence, il est d\u00e9cid\u00e9 que tous les\nadh\u00e9rents rembours\u00e9s pourront reprendre l\u2019entrainement d\u00e8s que celui-ci sera\nautoris\u00e9, sans qu\u2019il ne leur soit demand\u00e9 quelque cotisation compl\u00e9mentaire que\nce soit.<\/strong><\/li><li>Concernant d\u2019\u00e9ventuels nouveaux adh\u00e9rents au\ncours des mois \u00e0 venir&nbsp;:<br>\n<strong>il est d\u00e9cid\u00e9 que la cotisation demand\u00e9e\nconsistera en 1 trimestre plus la licence f\u00e9d\u00e9rale et la carte du FLL.<\/strong><\/li><\/ul>\n\n\n\n<h1 class=\"wp-block-heading\">Saison 2021 et suivantes&nbsp;:<\/h1>\n\n\n\n<p>Une simulation est faite en partant du tableur 2020. <\/p>\n\n\n\n<p>Toutes les composantes de calcul de la cotisation sont\npr\u00e9sent\u00e9es ainsi que les diff\u00e9rentes cat\u00e9gories tarifaires.<\/p>\n\n\n\n<p>L\u2019\u00e9volution pour la prochaine saison sera la suivante&nbsp;:<\/p>\n\n\n\n<h2 class=\"wp-block-heading\">D\u00e9cisions prises concernant les cotisations&nbsp;:<\/h2>\n\n\n\n<ul class=\"wp-block-list\"><li>Toutes les cotisations seront prises en 3\nch\u00e8ques en d\u00e9but de saison, 2 ch\u00e8ques pour les arrivants du 2<sup>\u00e8me<\/sup>\ntrimestre, 1 ch\u00e8que pour les arrivants du 3<sup>\u00e8me<\/sup> trimestre.<\/li><li>Le 1<sup>er<\/sup> ch\u00e8que correspondra \u00e0 la\nlicence F\u00e9d\u00e9rale + la carte FLL + 1 trimestre de cours&nbsp;;<\/li><li>Les ch\u00e8ques suivants correspondront aux\ntrimestres de cours.<\/li><li>Nous n\u2019accepterons plus les ch\u00e8ques vacances.<\/li><li>Nous accepterons les bons CAF qui servent au\npaiement partiel de la cotisation enfants.<\/li><li>Les encaissements en banque seront organis\u00e9s\nselon le calendrier suivant&nbsp;:<br>\n* 1<sup>er<\/sup> ch\u00e8que au moment de l\u2019inscription&nbsp;;<br>\n* 2<sup>\u00e8me<\/sup> ch\u00e8que en janvier&nbsp;;<br>\n* 3<sup>\u00e8me<\/sup> ch\u00e8que en avril.<\/li><\/ul>\n\n\n\n<h2 class=\"wp-block-heading\">D\u00e9cisions prises concernant les modalit\u00e9s administratives de d\u00e9but de\nsaison&nbsp;:<\/h2>\n\n\n\n<p>Comme cette saison, les membres du bureau assureront les\n\u00ab&nbsp;permanences inscriptions&nbsp;\u00bb \u00e0 chaque s\u00e9ance en septembre et octobre.<\/p>\n\n\n\n<p>Ils disposeront d\u2019un ensemble de documents leur permettant\nde pr\u00e9ciser aux personnes qui s\u2019inscrivent le nombre et les diff\u00e9rents montants\nde ch\u00e8ques qu\u2019ils doivent remettre. Par exemple, pour une cotisation \u00e0 205\u20ac, le\npremier ch\u00e8que sera d\u2019un montant de 113\u20ac (licence\/carte\/1 trimestre de cours),\nle 2<sup>\u00e8me<\/sup> de 46\u20ac, le 3<sup>\u00e8me<\/sup> de 46\u20ac.<\/p>\n\n\n\n<p>En cas de paiement associant les bons CAF, le montant de\ncelui-ci sera d\u00e9duit du montant du 1<sup>er<\/sup> ch\u00e8que \u00e0 verser. Les ch\u00e8ques\nsuivants correspondront aux trimestres de cours.<\/p>\n\n\n\n<p>Le r\u00e8glement int\u00e9rieur de la section fera \u00e9tat de ces\ndispositions.<\/p>\n","protected":false},"excerpt":{"rendered":"<p>D\u00e8s le 9 janvier , la section karat\u00e9 reprenait ses activit\u00e9s pour les enfants . Aujourd\u2019hui, vendredi 15 janvier le cours des d\u00e9butants mineurs \u2013 \u00e2g\u00e9s de 11 \u00e0 17 ans, se d\u00e9roulera au Dojo. Nous esp\u00e9rions pouvoir continuer l\u2019entrainement, &hellip; <a href=\"https:\/\/karate-lanester.org\/index.php\/2021\/01\/15\/incidence-de-levolution-de-la-situation-sanitaire-sur-la-pratique-du-karate-au-fll\/\">Continuer la lecture <span class=\"meta-nav\">&rarr;<\/span><\/a><\/p>\n","protected":false},"author":1,"featured_media":0,"comment_status":"open","ping_status":"open","sticky":false,"template":"","format":"standard","meta":{"footnotes":""},"categories":[1],"tags":[5],"class_list":["post-1902","post","type-post","status-publish","format-standard","hentry","category-non-classe","tag-non-classe"],"_links":{"self":[{"href":"https:\/\/karate-lanester.org\/index.php\/wp-json\/wp\/v2\/posts\/1902","targetHints":{"allow":["GET"]}}],"collection":[{"href":"https:\/\/karate-lanester.org\/index.php\/wp-json\/wp\/v2\/posts"}],"about":[{"href":"https:\/\/karate-lanester.org\/index.php\/wp-json\/wp\/v2\/types\/post"}],"author":[{"embeddable":true,"href":"https:\/\/karate-lanester.org\/index.php\/wp-json\/wp\/v2\/users\/1"}],"replies":[{"embeddable":true,"href":"https:\/\/karate-lanester.org\/index.php\/wp-json\/wp\/v2\/comments?post=1902"}],"version-history":[{"count":1,"href":"https:\/\/karate-lanester.org\/index.php\/wp-json\/wp\/v2\/posts\/1902\/revisions"}],"predecessor-version":[{"id":1903,"href":"https:\/\/karate-lanester.org\/index.php\/wp-json\/wp\/v2\/posts\/1902\/revisions\/1903"}],"wp:attachment":[{"href":"https:\/\/karate-lanester.org\/index.php\/wp-json\/wp\/v2\/media?parent=1902"}],"wp:term":[{"taxonomy":"category","embeddable":true,"href":"https:\/\/karate-lanester.org\/index.php\/wp-json\/wp\/v2\/categories?post=1902"},{"taxonomy":"post_tag","embeddable":true,"href":"https:\/\/karate-lanester.org\/index.php\/wp-json\/wp\/v2\/tags?post=1902"}],"curies":[{"name":"wp","href":"https:\/\/api.w.org\/{rel}","templated":true}]}}