{"id":2131,"date":"2021-12-19T23:44:45","date_gmt":"2021-12-19T22:44:45","guid":{"rendered":"http:\/\/karate-lanester.org\/?p=2131"},"modified":"2021-12-19T23:44:46","modified_gmt":"2021-12-19T22:44:46","slug":"deux-ceintures-noires-2eme-dan-de-plus-au-fll","status":"publish","type":"post","link":"https:\/\/karate-lanester.org\/index.php\/2021\/12\/19\/deux-ceintures-noires-2eme-dan-de-plus-au-fll\/","title":{"rendered":"Deux ceintures noires 2\u00e8me Dan de plus au FLL."},"content":{"rendered":"\n<p>Ce dimanche 18\nd\u00e9cembre, le d\u00e9partement du Morbihan a organis\u00e9 les passages de grades de\nceintures noires.<\/p>\n\n\n\n<p>Trois karatekas\ndu Foyer La\u00efque \u00e9taient pr\u00e9sents \u00e0 Muzillac afin d\u2019obtenir le grade de 2<sup>\u00e8me<\/sup>\nDan.<\/p>\n\n\n\n<p>ils se\npr\u00e9sentaient \u00e0 l\u2019ensemble des \u00e9preuves, soit 6 \u00e9valuations distinctes.<\/p>\n\n\n\n<p>Le KIHON&nbsp;:<br>\nLe Kihon est compos\u00e9 de 3 parties sous une seule m\u00eame\nnote :<br>\n1\/ des techniques de base simples ex\u00e9cut\u00e9es en aller\net retour sur trois pas en avan\u00e7ant ou en reculant ;<br>\n2\/ des techniques de base ex\u00e9cut\u00e9es sur place en\nposition de combat, dans une seule direction et de fa\u00e7on multi directionnelle,\navec ou sans sursaut ;<br>\n3\/ un exercice de ma\u00eetrise de la technique ex\u00e9cut\u00e9\ndeux par deux.<\/p>\n\n\n\n<p>Le Kata<br>\nLe candidat doit r\u00e9aliser deux Kata libres choisis\ndans la liste des Katas de 2\u00e8me<br>\nDan.<br>\n3\/ Bunka\u00ef<br>\nCette \u00e9preuve est la transcription en forme de combat d\u2019enchainements\ntechniques contenus dans les katas.<br>\nSi on consid\u00e8re que le kata est une expression purement technique, son\nprolongement en combat s\u2019appelle \u00ab&nbsp;bunka\u00ef&nbsp;\u00bb<br>\nLe candidat est \u00e9valu\u00e9 avec un partenaire, choisi\nparmi les candidats, avec un minimum de 3 s\u00e9quences de son choix issues d\u2019un\nkata de sa liste.<\/p>\n\n\n\n<p>Le Kumite. Cette \u00e9preuve est d\u00e9coup\u00e9e en 3 ateliers&nbsp;:<\/p>\n\n\n\n<p>1\/Ippon Kumit\u00e9<br>\nLes deux candidats sont en garde. Les attaques ainsi\nque le niveau sont annonc\u00e9s.<br>\nA chaque fois, les attaques et les contre-attaques\ndevront \u00eatre diff\u00e9rentes. Le test est compos\u00e9 de 6 attaques pr\u00e9vues par la\nr\u00e8glementation des grades.<br>\n2\/ Jiyu Ippon Kumit\u00e9<br>\nL&rsquo;attaque est libre, elle peut \u00eatre effectu\u00e9e \u00e0\ndroite ou \u00e0 gauche. Seul le niveau est annonc\u00e9.<br>\nLe nombre d&rsquo;assauts est fix\u00e9 \u00e0 5.<br>\n3\/ Ju Kumit\u00e9 (Randori ou Midare)<br>\nIl est demand\u00e9 un assaut souple afin d\u2019examiner les\nqualit\u00e9s techniques des deux candidats. La dur\u00e9e de cet assaut est d\u00e9termin\u00e9e\npar la table d\u2019examen.<\/p>\n\n\n\n<p>Respect pour les\nanciens&nbsp;:<\/p>\n\n\n\n<p>Georges DUPUY, 73\nans, ceinture noire 1<sup>er<\/sup> Dan depuis 18 ans, grade obtenu en mai 2003,\na r\u00e9ussi l\u2019ensemble des \u00e9preuves et est admis au grade de 2<sup>\u00e8me<\/sup> Dan.<\/p>\n\n\n\n<p>Henri ROYE, 66\nans, ceinture noire depuis 8 ans, grade obtenu en d\u00e9cembre 2013, a \u00e9galement\nr\u00e9ussi l\u2019ensemble des \u00e9preuves et est admis au grade de 2<sup>\u00e8me<\/sup> Dan.<\/p>\n\n\n\n<p>Michel LE THUAUT,\n61 ans, ceinture noire depuis 6 ans, a valid\u00e9 les \u00e9preuves de combat mais pas\nles \u00e9preuves techniques. Il lui faudra donc se repr\u00e9senter \u00e0 un nouvel examen\npour valider les \u00e9preuves manquantes.<\/p>\n\n\n\n<p>F\u00e9licitations aux\n3 repr\u00e9sentants du club \u00e0 cet examen. <br>\nL\u2019examen de garde n\u2019est jamais une \u00e9preuvesimple. Il faut g\u00e9rer son stress, ses\n\u00e9motions, se confronter \u00e0 d\u2019autres candidats. <\/p>\n\n\n\n<p>Aujourd\u2019hui, 2 de\nnos karat\u00e9kas sur 3 obtiennent la reconnaissance du 2<sup>\u00e8me<\/sup> Dan, mais\naucun n\u2019a d\u00e9m\u00e9rit\u00e9.<\/p>\n\n\n\n<p>Michel qui n\u2019a\npas eu le bonheur de valider l\u2019ensemble des \u00e9preuves est sur un parcours\natypique. De formation initiale Shotokan Oshima, il s\u2019est pr\u00e9sent\u00e9 devant un\njury avec l\u2019\u00e9tiquette Shotokan F\u00e9d\u00e9ral. Il n\u2019est pas simple de maitriser les 2\nformes, et cela s\u2019est vu par moment, notamment dans l\u2019\u00e9preuve kata.<br>\nNous savons maintenant quels sont les axes d\u2019am\u00e9lioration qui permettront de\ngommer ces diff\u00e9rences, afin qu\u2019il puisse recevoir le fruit de son travail\npersonnel et valider le 2<sup>\u00e8me<\/sup> Dan \u00e0 un prochain examen<\/p>\n\n\n\n<p>Les candidats ont\n\u00e9t\u00e9 \u00e9valu\u00e9s par un Jury compos\u00e9 de trois membres 4<sup>\u00e8me<\/sup>, 5<sup>\u00e8me<\/sup>\net 6<sup>\u00e8me<\/sup> Dan.<\/p>\n","protected":false},"excerpt":{"rendered":"<p>Ce dimanche 18 d\u00e9cembre, le d\u00e9partement du Morbihan a organis\u00e9 les passages de grades de ceintures noires. Trois karatekas du Foyer La\u00efque \u00e9taient pr\u00e9sents \u00e0 Muzillac afin d\u2019obtenir le grade de 2\u00e8me Dan. ils se pr\u00e9sentaient \u00e0 l\u2019ensemble des \u00e9preuves, &hellip; <a href=\"https:\/\/karate-lanester.org\/index.php\/2021\/12\/19\/deux-ceintures-noires-2eme-dan-de-plus-au-fll\/\">Continuer la lecture <span class=\"meta-nav\">&rarr;<\/span><\/a><\/p>\n","protected":false},"author":1,"featured_media":0,"comment_status":"open","ping_status":"open","sticky":false,"template":"","format":"standard","meta":{"footnotes":""},"categories":[1],"tags":[5],"class_list":["post-2131","post","type-post","status-publish","format-standard","hentry","category-non-classe","tag-non-classe"],"_links":{"self":[{"href":"https:\/\/karate-lanester.org\/index.php\/wp-json\/wp\/v2\/posts\/2131","targetHints":{"allow":["GET"]}}],"collection":[{"href":"https:\/\/karate-lanester.org\/index.php\/wp-json\/wp\/v2\/posts"}],"about":[{"href":"https:\/\/karate-lanester.org\/index.php\/wp-json\/wp\/v2\/types\/post"}],"author":[{"embeddable":true,"href":"https:\/\/karate-lanester.org\/index.php\/wp-json\/wp\/v2\/users\/1"}],"replies":[{"embeddable":true,"href":"https:\/\/karate-lanester.org\/index.php\/wp-json\/wp\/v2\/comments?post=2131"}],"version-history":[{"count":1,"href":"https:\/\/karate-lanester.org\/index.php\/wp-json\/wp\/v2\/posts\/2131\/revisions"}],"predecessor-version":[{"id":2132,"href":"https:\/\/karate-lanester.org\/index.php\/wp-json\/wp\/v2\/posts\/2131\/revisions\/2132"}],"wp:attachment":[{"href":"https:\/\/karate-lanester.org\/index.php\/wp-json\/wp\/v2\/media?parent=2131"}],"wp:term":[{"taxonomy":"category","embeddable":true,"href":"https:\/\/karate-lanester.org\/index.php\/wp-json\/wp\/v2\/categories?post=2131"},{"taxonomy":"post_tag","embeddable":true,"href":"https:\/\/karate-lanester.org\/index.php\/wp-json\/wp\/v2\/tags?post=2131"}],"curies":[{"name":"wp","href":"https:\/\/api.w.org\/{rel}","templated":true}]}}