{"id":2439,"date":"2022-12-03T18:54:48","date_gmt":"2022-12-03T17:54:48","guid":{"rendered":"http:\/\/karate-lanester.org\/?p=2439"},"modified":"2022-12-03T18:54:50","modified_gmt":"2022-12-03T17:54:50","slug":"ag-foyer-laique-lanester-le-3-decembre-2022","status":"publish","type":"post","link":"https:\/\/karate-lanester.org\/index.php\/2022\/12\/03\/ag-foyer-laique-lanester-le-3-decembre-2022\/","title":{"rendered":"AG FOYER LAIQUE LANESTER le 3 d\u00e9cembre 2022"},"content":{"rendered":"\n<p><\/p>\n\n\n\n<p>l&rsquo;assembl\u00e9e g\u00e9n\u00e9rale de l&rsquo;association s&rsquo;est tenue ce matin au Foyer La\u00efque.<\/p>\n\n\n\n<p>Une pr\u00e9sentation succincte de chaque activit\u00e9 \u00e0 \u00e9t\u00e9 demand\u00e9e par le Pr\u00e9sident afin d&rsquo;\u00e9clairer les membres des 20 sections et 6 ateliers sur la vie de l&rsquo;association. EN effet, toutes les activit\u00e9s sont dispers\u00e9es sur la ville de Lanester, soit au si\u00e8ge du 4 rue G\u00e9rard Philippe, soit dans les gymnases municipaux ou scolaires, soit \u00e0 l&rsquo;\u00e9cole de voile de Saint Gu\u00e9na\u00ebl qui est \u00e9galement propri\u00e9t\u00e9 de l&rsquo;association.<\/p>\n\n\n\n<p>La pr\u00e9sentation de la section karat\u00e9, en r\u00e9ponse aux th\u00e8mes retenus par le bureau du FLL \u00e9tait la suivante :<\/p>\n\n\n\n<h1 class=\"wp-block-heading\">Comment votre activit\u00e9 a-t-elle red\u00e9marr\u00e9 apr\u00e8s la crise sanitaire&nbsp;?<\/h1>\n\n\n\n<p>Il n\u2019y a pas eu v\u00e9ritablement d\u2019arr\u00eat de l\u2019activit\u00e9 provoqu\u00e9 par la crise sanitaire dans la mesure ou une pratique encadr\u00e9e restait autoris\u00e9e.<br>La crise sanitaire a n\u00e9anmoins entrain\u00e9 le d\u00e9part d\u2019une encadrante de la section.<br>L\u2019impact constat\u00e9 sur les effectifs est le suivant&nbsp;:<\/p>\n\n\n\n<figure class=\"wp-block-table\"><table><tbody><tr><td>Avant COVID<\/td><td>2018&nbsp;: 54 licenci\u00e9s<br>2019&nbsp;: 69 licenci\u00e9s<\/td><td>33% de Femmes, 13% au cours Enfants<br>36% de Femmes, 23% au cours Enfants<\/td><\/tr><tr><td>Ann\u00e9es COVID<\/td><td>2020&nbsp;: 55 licenci\u00e9s \u2013 covid<br>2021&nbsp;: 68 licenci\u00e9s<\/td><td>33% de Femmes, 25% au cours Enfants 32% de Femmes, 34% au cours Enfants<\/td><\/tr><tr><td>CETTE SAISON<\/td><td>2022&nbsp;: 68 licenci\u00e9s\u2013 chiffre arr\u00eat\u00e9 au 30 novembre 2022.<\/td><td>24% de Femmes, 37% au cours Enfants<\/td><\/tr><\/tbody><\/table><\/figure>\n\n\n\n<p>&nbsp;L\u2019activit\u00e9 continue sur sa lanc\u00e9e, la part des participants au cours enfants augmente depuis la saison pass\u00e9e pour arriver \u00e0 37% cette ann\u00e9e<\/p>\n\n\n\n<h1 class=\"wp-block-heading\">Avez-vous d\u00e9velopp\u00e9 des projets en lien avec l\u2019activit\u00e9&nbsp;?<\/h1>\n\n\n\n<p>Le d\u00e9veloppement essentiel a \u00e9t\u00e9 le rapprochement avec le club de Quimperl\u00e9. Les premiers \u00e9changes ont \u00e9t\u00e9 formalis\u00e9s par des \u00e9changes \u00e0 l\u2019occasion de stages auquel les grad\u00e9s ont particip\u00e9.<br>Le club de Quimperl\u00e9 suit une \u00e9cole Shotokan relativement confidentielle en France. Nombre de ses pratiquants rejettent la pratique f\u00e9d\u00e9rale.<br>Deux ceintures Noires, participaient \u00e0 nos cours depuis plusieurs saisons. Ils ont franchi le pas en se licenciant au FLL en septembre 2020, tout en continuant \u00e0 participer \u00e0 Quimperl\u00e9, et en y encadrant les cours enfants.<br>Depuis septembre 2021, ils ont pris en charge l\u2019animation du cours enfants sous la responsabilit\u00e9 de PY LE TROCQUER 7<sup>\u00e8me<\/sup> Dan, et avec l\u2019appui \u00e9ventuel des Ph POENCIER et M RENDA 5<sup>\u00e8me<\/sup> Dan, qui animent une s\u00e9ance adulte aux m\u00eames heures.<\/p>\n\n\n\n<p>Le club reste toujours ouvert aux pratiquants d\u2019autres styles de karat\u00e9 et ne manque pas une occasion de faire b\u00e9n\u00e9ficier les \u00e9l\u00e8ves de pratiques diff\u00e9rentes de karat\u00e9.<br>Ainsi le professeur SHITO du club de Ploeren est venu animer des s\u00e9ances tandis qu\u2019un haut grad\u00e9 du club participe r\u00e9guli\u00e8rement \u00e0 ses cours.<br>Nous avons \u00e9galement b\u00e9n\u00e9fici\u00e9 de l\u2019enseignement d\u2019un expert national du style UECHI RYU qui vient animer des s\u00e9ances sp\u00e9cifiques \u00e0 l\u2019occasion de ses vacances dans la r\u00e9gion.<\/p>\n\n\n\n<h1 class=\"wp-block-heading\">Vous \u00eates-vous d\u00e9plac\u00e9s dans le cadre de l\u2019activit\u00e9&nbsp;?<\/h1>\n\n\n\n<p>Pendant le COVID, il y a eu l\u2019organisation de cours en plein air.<\/p>\n\n\n\n<h1 class=\"wp-block-heading\">Avez-vous obtenu des r\u00e9sultats en comp\u00e9titions&nbsp;?<\/h1>\n\n\n\n<p>Le club ne participe pas aux comp\u00e9titions f\u00e9d\u00e9rales.<\/p>\n\n\n\n<p>Les seuls engagements de licenci\u00e9s du FLL au niveau f\u00e9d\u00e9ral le sont par le biais des passages de grades de ceintures noires.<br>Nous avons eu le plaisir d\u2019enregistrer, le 19 d\u00e9cembre 2021, la r\u00e9ussite au passage de 2<sup>\u00e8me<\/sup> Dan de Henri ROYE \u00e0 l\u2019\u00e2ge de 66 ans et de Georges DUPUY \u00e0 l\u2019Age de 73 ans.<\/p>\n\n\n\n<p>Cette m\u00eame saison, PY LE TROCQUER a r\u00e9ussi l\u2019examen de 7<sup>\u00e8me<\/sup> Dan \u00e0 PARIS le 7 janvier 2022. Il int\u00e8gre ainsi le cercle restreint des 380 Fran\u00e7ais de ce niveau et est le 14<sup>\u00e8me<\/sup> 7<sup>\u00e8me<\/sup> Dan en Ligue de bretagne (sur environ 8000 licenci\u00e9s).<br>Il a par ailleurs \u00e9t\u00e9 nomm\u00e9 Expert R\u00e9gional Karat\u00e9. Le groupe des experts Bretons est compos\u00e9 d\u2019un expert National et de 4 experts R\u00e9gionaux.<\/p>\n\n\n\n<h1 class=\"wp-block-heading\">Avez-vous quelque chose \u00e0 rajouter&nbsp;?<\/h1>\n\n\n\n<p>La section karat\u00e9 existe depuis 1985 et se trouve tr\u00e8s bien dans les murs du FLL. Nous avons de belles installations, fonctionnelles et r\u00e9nov\u00e9es depuis peu.<br>Nos visiteurs ne manquent pas de le souligner, et c\u2019est l\u2019occasion de remercier ici le bureau du FLL et en particulier Monsieur Jean Luc PENGRECH pour les travaux de maintenance du CELTIC.<\/p>\n\n\n\n<p>En fin d&rsquo;AG, les membres du CA ont \u00e9t\u00e9 renouvel\u00e9s. Henri ROYE a \u00e9t\u00e9 r\u00e9\u00e9lu et si\u00e9gera \u00e9galement au bureau du FLL.<\/p>\n\n\n\n<p>Notre pr\u00e9sence au CA pour la prochaine ann\u00e9e sera assur\u00e9e par PY LE TROCQUER en tant que Pr\u00e9sident d\u00e9l\u00e9gu\u00e9, si\u00e9geant de droit mais ne pouvant pas prendre part aux votes du CA, Henri ROYE et Herv\u00e9 JUDIC si\u00e8geant en tant que membres \u00e9lus avec droit de vote aux d\u00e9cision du CA.<\/p>\n","protected":false},"excerpt":{"rendered":"<p>l&rsquo;assembl\u00e9e g\u00e9n\u00e9rale de l&rsquo;association s&rsquo;est tenue ce matin au Foyer La\u00efque. Une pr\u00e9sentation succincte de chaque activit\u00e9 \u00e0 \u00e9t\u00e9 demand\u00e9e par le Pr\u00e9sident afin d&rsquo;\u00e9clairer les membres des 20 sections et 6 ateliers sur la vie de l&rsquo;association. EN effet, &hellip; <a href=\"https:\/\/karate-lanester.org\/index.php\/2022\/12\/03\/ag-foyer-laique-lanester-le-3-decembre-2022\/\">Continuer la lecture <span class=\"meta-nav\">&rarr;<\/span><\/a><\/p>\n","protected":false},"author":1,"featured_media":0,"comment_status":"open","ping_status":"open","sticky":false,"template":"","format":"standard","meta":{"footnotes":""},"categories":[1],"tags":[],"class_list":["post-2439","post","type-post","status-publish","format-standard","hentry","category-non-classe"],"_links":{"self":[{"href":"https:\/\/karate-lanester.org\/index.php\/wp-json\/wp\/v2\/posts\/2439","targetHints":{"allow":["GET"]}}],"collection":[{"href":"https:\/\/karate-lanester.org\/index.php\/wp-json\/wp\/v2\/posts"}],"about":[{"href":"https:\/\/karate-lanester.org\/index.php\/wp-json\/wp\/v2\/types\/post"}],"author":[{"embeddable":true,"href":"https:\/\/karate-lanester.org\/index.php\/wp-json\/wp\/v2\/users\/1"}],"replies":[{"embeddable":true,"href":"https:\/\/karate-lanester.org\/index.php\/wp-json\/wp\/v2\/comments?post=2439"}],"version-history":[{"count":1,"href":"https:\/\/karate-lanester.org\/index.php\/wp-json\/wp\/v2\/posts\/2439\/revisions"}],"predecessor-version":[{"id":2440,"href":"https:\/\/karate-lanester.org\/index.php\/wp-json\/wp\/v2\/posts\/2439\/revisions\/2440"}],"wp:attachment":[{"href":"https:\/\/karate-lanester.org\/index.php\/wp-json\/wp\/v2\/media?parent=2439"}],"wp:term":[{"taxonomy":"category","embeddable":true,"href":"https:\/\/karate-lanester.org\/index.php\/wp-json\/wp\/v2\/categories?post=2439"},{"taxonomy":"post_tag","embeddable":true,"href":"https:\/\/karate-lanester.org\/index.php\/wp-json\/wp\/v2\/tags?post=2439"}],"curies":[{"name":"wp","href":"https:\/\/api.w.org\/{rel}","templated":true}]}}