{"id":2473,"date":"2023-01-27T13:24:46","date_gmt":"2023-01-27T12:24:46","guid":{"rendered":"http:\/\/karate-lanester.org\/?p=2473"},"modified":"2023-01-27T13:24:47","modified_gmt":"2023-01-27T12:24:47","slug":"passage-de-grade-dans-le-groupe-senior","status":"publish","type":"post","link":"https:\/\/karate-lanester.org\/index.php\/2023\/01\/27\/passage-de-grade-dans-le-groupe-senior\/","title":{"rendered":"PASSAGE DE GRADE DANS LE GROUPE SENIOR"},"content":{"rendered":"\n<p>Le groupe S\u00e9niors se retrouve le mardi matin \u00e0 10h, le jeudi matin \u00e0 10h00 pour des s\u00e9ances karat\u00e9 et le vendredi matin \u00e0 10h00 pour des s\u00e9ances TAI KI.<\/p>\n\n\n\n<p>Le passage de grade KARATE se d\u00e9roulera pendant le cours du MARDI 28 FEVRIER 2023.<\/p>\n\n\n\n<p>Le programme est disponible dans la page <a href=\"https:\/\/karate-lanester.org\/index.php\/grades-niten-ryu-karate\/\">d\u00e9di\u00e9e aux grades.<\/a><\/p>\n\n\n\n<p>En fonction du temps et des candidats, les candidats aux grades de ceinture noire pourront pr\u00e9senter leur programme afin de r\u00e9aliser un \u00ab\u00a0examen blanc\u00a0\u00bb (ce qui est logique s&rsquo;agissant de ceintures noires!<\/p>\n\n\n\n<p><\/p>\n","protected":false},"excerpt":{"rendered":"<p>Le groupe S\u00e9niors se retrouve le mardi matin \u00e0 10h, le jeudi matin \u00e0 10h00 pour des s\u00e9ances karat\u00e9 et le vendredi matin \u00e0 10h00 pour des s\u00e9ances TAI KI. Le passage de grade KARATE se d\u00e9roulera pendant le cours &hellip; <a href=\"https:\/\/karate-lanester.org\/index.php\/2023\/01\/27\/passage-de-grade-dans-le-groupe-senior\/\">Continuer la lecture <span class=\"meta-nav\">&rarr;<\/span><\/a><\/p>\n","protected":false},"author":1,"featured_media":0,"comment_status":"open","ping_status":"open","sticky":false,"template":"","format":"standard","meta":{"footnotes":""},"categories":[1],"tags":[],"class_list":["post-2473","post","type-post","status-publish","format-standard","hentry","category-non-classe"],"_links":{"self":[{"href":"https:\/\/karate-lanester.org\/index.php\/wp-json\/wp\/v2\/posts\/2473","targetHints":{"allow":["GET"]}}],"collection":[{"href":"https:\/\/karate-lanester.org\/index.php\/wp-json\/wp\/v2\/posts"}],"about":[{"href":"https:\/\/karate-lanester.org\/index.php\/wp-json\/wp\/v2\/types\/post"}],"author":[{"embeddable":true,"href":"https:\/\/karate-lanester.org\/index.php\/wp-json\/wp\/v2\/users\/1"}],"replies":[{"embeddable":true,"href":"https:\/\/karate-lanester.org\/index.php\/wp-json\/wp\/v2\/comments?post=2473"}],"version-history":[{"count":1,"href":"https:\/\/karate-lanester.org\/index.php\/wp-json\/wp\/v2\/posts\/2473\/revisions"}],"predecessor-version":[{"id":2474,"href":"https:\/\/karate-lanester.org\/index.php\/wp-json\/wp\/v2\/posts\/2473\/revisions\/2474"}],"wp:attachment":[{"href":"https:\/\/karate-lanester.org\/index.php\/wp-json\/wp\/v2\/media?parent=2473"}],"wp:term":[{"taxonomy":"category","embeddable":true,"href":"https:\/\/karate-lanester.org\/index.php\/wp-json\/wp\/v2\/categories?post=2473"},{"taxonomy":"post_tag","embeddable":true,"href":"https:\/\/karate-lanester.org\/index.php\/wp-json\/wp\/v2\/tags?post=2473"}],"curies":[{"name":"wp","href":"https:\/\/api.w.org\/{rel}","templated":true}]}}