{"id":2489,"date":"2023-02-01T14:20:03","date_gmt":"2023-02-01T13:20:03","guid":{"rendered":"http:\/\/karate-lanester.org\/?p=2489"},"modified":"2023-02-02T20:44:21","modified_gmt":"2023-02-02T19:44:21","slug":"resultats-des-passages-de-grades-de-janvier-2023","status":"publish","type":"post","link":"https:\/\/karate-lanester.org\/index.php\/2023\/02\/01\/resultats-des-passages-de-grades-de-janvier-2023\/","title":{"rendered":"R\u00e9sultats des passages de grades de janvier 2023"},"content":{"rendered":"\n<p><strong>Un grand bravo \u00e0 tous les promus du passage de grades du 27 janvier<\/strong> <a href=\"https:\/\/photos.app.goo.gl\/sei12Gpdf5wh7Vbo6\">(photos)<\/a><\/p>\n\n\n\n<p>6<sup>\u00e8me<\/sup> Kyu&nbsp;&nbsp;&nbsp;&nbsp;&nbsp;&nbsp;&nbsp;&nbsp;&nbsp;&nbsp;&nbsp;&nbsp;&nbsp; ceinture blanche&nbsp;&nbsp;&nbsp;&nbsp;&nbsp;&nbsp;&nbsp;&nbsp;&nbsp;&nbsp;&nbsp;&nbsp;&nbsp; Alice ANDRE et Lou-Ann KERSIVIEN<\/p>\n\n\n\n<p>5<sup>\u00e8me<\/sup> Kyu&nbsp;&nbsp;&nbsp;&nbsp;&nbsp;&nbsp;&nbsp;&nbsp;&nbsp;&nbsp;&nbsp;&nbsp;&nbsp; ceinture jaune&nbsp;&nbsp;&nbsp;&nbsp;&nbsp;&nbsp;&nbsp;&nbsp;&nbsp;&nbsp;&nbsp;&nbsp;&nbsp;&nbsp;&nbsp;&nbsp;&nbsp; Lola WOJTOWICZ et Adrien BERTIAUX<\/p>\n\n\n\n<p>4<sup>\u00e8me<\/sup> Kyu&nbsp;&nbsp;&nbsp;&nbsp;&nbsp;&nbsp;&nbsp;&nbsp;&nbsp;&nbsp;&nbsp;&nbsp;&nbsp; ceinture orange&nbsp;&nbsp;&nbsp;&nbsp;&nbsp;&nbsp;&nbsp;&nbsp;&nbsp;&nbsp;&nbsp;&nbsp;&nbsp;&nbsp; Manon DUBE, Mathias RANGEL-JEGAT, Logan COMBES et<\/p>\n\n\n\n<p>&nbsp;&nbsp;&nbsp;&nbsp;&nbsp;&nbsp;&nbsp;&nbsp;&nbsp;&nbsp;&nbsp;&nbsp;&nbsp;&nbsp;&nbsp;&nbsp;&nbsp;&nbsp;&nbsp;&nbsp;&nbsp;&nbsp;&nbsp;&nbsp;&nbsp;&nbsp;&nbsp;&nbsp;&nbsp;&nbsp;&nbsp;&nbsp;&nbsp;&nbsp;&nbsp;&nbsp;&nbsp;&nbsp;&nbsp;&nbsp;&nbsp;&nbsp;&nbsp;&nbsp;&nbsp;&nbsp;&nbsp;&nbsp;&nbsp;&nbsp;&nbsp;&nbsp;&nbsp;&nbsp;&nbsp;&nbsp;&nbsp;&nbsp;&nbsp;&nbsp;&nbsp;&nbsp;&nbsp;&nbsp;&nbsp;&nbsp;&nbsp;&nbsp;&nbsp;&nbsp;&nbsp; Christophe AUDO<\/p>\n\n\n\n<p>3<sup>\u00e8me<\/sup> Kyu&nbsp;&nbsp;&nbsp;&nbsp;&nbsp;&nbsp;&nbsp;&nbsp;&nbsp;&nbsp;&nbsp;&nbsp;&nbsp; ceinture verte&nbsp;&nbsp;&nbsp;&nbsp;&nbsp;&nbsp;&nbsp;&nbsp;&nbsp;&nbsp;&nbsp;&nbsp;&nbsp;&nbsp;&nbsp;&nbsp;&nbsp;&nbsp; Tugdual ROLLAND et Kevin DOS SANTOS<\/p>\n\n\n\n<p><strong>Et aux 27 enfants qui ont pass\u00e9 leur grade le 28 janvier.<\/strong> <a href=\"https:\/\/photos.google.com\/u\/1\/album\/AF1QipMaQMwJDCVTXS-XIAPa43QA3ets9VLPvlWcwn2-?hl=fr_CA\">(photos)<\/a><\/p>\n\n\n\n<figure class=\"wp-block-table\"><table><tbody><tr><td>6<\/td><td>8<sup>\u00e8me<\/sup> Kyu Ceinture blanche<\/td><td>&nbsp;Elif ILGUN, Edgar JAMET, Noah LOUET, l\u00e9o SIMON, Ely NIVANEN-MAHE, Elias-Zacharie LE CHENADEC<\/td><\/tr><tr><td>9<\/td><td>7<sup>\u00e8me<\/sup> Kyu Ceinture blanche<\/td><td>Le\u00efla ROUAULT, No\u00eblie LEURY, Yamin BELHAMRA, Iony RAOTOZARY-HARISON, Lawson TOUTAIN, Noah PAYET, Owen PERVIER, Gabin BOUNICAUD et S\u00f6ren LE MOUSTARDER<\/td><\/tr><tr><td>6<\/td><td>6<sup>\u00e8me<\/sup> Kyu Ceinture&nbsp;&nbsp;&nbsp;&nbsp;&nbsp; blanche\/jaune<\/td><td>Reia OTAHA, Mateo SEGUI, Fatih KARAKUS, Onur KARAKUS, Alo\u00efs LE PLOMB et Ma\u00ebl RANDRIANARISON.<\/td><\/tr><tr><td>1<\/td><td>6<sup>\u00e8me<\/sup> Kyu Ceinture blanche\/jaune + 1 barrette<\/td><td>Nathan BEKALE BOUSSOUGLOU<\/td><\/tr><tr><td>1<\/td><td>5<sup>\u00e8me<\/sup> Kyu Ceinture Jaune<\/td><td>Jeremy LEHN<\/td><\/tr><tr><td>4<\/td><td>5<sup>\u00e8me<\/sup> Kyu Ceinture Jaune + 1 barrette<\/td><td>Deborah BARBE, Ivan RANGEL-JEGAT, Elouann COURTET, Gabriel RANGEL JEGAT<\/td><\/tr><\/tbody><\/table><\/figure>\n","protected":false},"excerpt":{"rendered":"<p>Un grand bravo \u00e0 tous les promus du passage de grades du 27 janvier (photos) 6\u00e8me Kyu&nbsp;&nbsp;&nbsp;&nbsp;&nbsp;&nbsp;&nbsp;&nbsp;&nbsp;&nbsp;&nbsp;&nbsp;&nbsp; ceinture blanche&nbsp;&nbsp;&nbsp;&nbsp;&nbsp;&nbsp;&nbsp;&nbsp;&nbsp;&nbsp;&nbsp;&nbsp;&nbsp; Alice ANDRE et Lou-Ann KERSIVIEN 5\u00e8me Kyu&nbsp;&nbsp;&nbsp;&nbsp;&nbsp;&nbsp;&nbsp;&nbsp;&nbsp;&nbsp;&nbsp;&nbsp;&nbsp; ceinture jaune&nbsp;&nbsp;&nbsp;&nbsp;&nbsp;&nbsp;&nbsp;&nbsp;&nbsp;&nbsp;&nbsp;&nbsp;&nbsp;&nbsp;&nbsp;&nbsp;&nbsp; Lola WOJTOWICZ et Adrien BERTIAUX 4\u00e8me Kyu&nbsp;&nbsp;&nbsp;&nbsp;&nbsp;&nbsp;&nbsp;&nbsp;&nbsp;&nbsp;&nbsp;&nbsp;&nbsp; ceinture orange&nbsp;&nbsp;&nbsp;&nbsp;&nbsp;&nbsp;&nbsp;&nbsp;&nbsp;&nbsp;&nbsp;&nbsp;&nbsp;&nbsp; Manon DUBE, Mathias &hellip; <a href=\"https:\/\/karate-lanester.org\/index.php\/2023\/02\/01\/resultats-des-passages-de-grades-de-janvier-2023\/\">Continuer la lecture <span class=\"meta-nav\">&rarr;<\/span><\/a><\/p>\n","protected":false},"author":1,"featured_media":0,"comment_status":"open","ping_status":"open","sticky":false,"template":"","format":"standard","meta":{"footnotes":""},"categories":[1],"tags":[],"class_list":["post-2489","post","type-post","status-publish","format-standard","hentry","category-non-classe"],"_links":{"self":[{"href":"https:\/\/karate-lanester.org\/index.php\/wp-json\/wp\/v2\/posts\/2489","targetHints":{"allow":["GET"]}}],"collection":[{"href":"https:\/\/karate-lanester.org\/index.php\/wp-json\/wp\/v2\/posts"}],"about":[{"href":"https:\/\/karate-lanester.org\/index.php\/wp-json\/wp\/v2\/types\/post"}],"author":[{"embeddable":true,"href":"https:\/\/karate-lanester.org\/index.php\/wp-json\/wp\/v2\/users\/1"}],"replies":[{"embeddable":true,"href":"https:\/\/karate-lanester.org\/index.php\/wp-json\/wp\/v2\/comments?post=2489"}],"version-history":[{"count":2,"href":"https:\/\/karate-lanester.org\/index.php\/wp-json\/wp\/v2\/posts\/2489\/revisions"}],"predecessor-version":[{"id":2491,"href":"https:\/\/karate-lanester.org\/index.php\/wp-json\/wp\/v2\/posts\/2489\/revisions\/2491"}],"wp:attachment":[{"href":"https:\/\/karate-lanester.org\/index.php\/wp-json\/wp\/v2\/media?parent=2489"}],"wp:term":[{"taxonomy":"category","embeddable":true,"href":"https:\/\/karate-lanester.org\/index.php\/wp-json\/wp\/v2\/categories?post=2489"},{"taxonomy":"post_tag","embeddable":true,"href":"https:\/\/karate-lanester.org\/index.php\/wp-json\/wp\/v2\/tags?post=2489"}],"curies":[{"name":"wp","href":"https:\/\/api.w.org\/{rel}","templated":true}]}}