{"id":2501,"date":"2023-03-02T17:56:14","date_gmt":"2023-03-02T16:56:14","guid":{"rendered":"http:\/\/karate-lanester.org\/?p=2501"},"modified":"2023-03-02T17:56:15","modified_gmt":"2023-03-02T16:56:15","slug":"uechi-ryu-au-fll","status":"publish","type":"post","link":"https:\/\/karate-lanester.org\/index.php\/2023\/03\/02\/uechi-ryu-au-fll\/","title":{"rendered":"UECHI RYU AU FLL"},"content":{"rendered":"\n<p>L&rsquo;<strong>Uechi-ry\u016b<\/strong> est un des <a href=\"https:\/\/fr.wikipedia.org\/wiki\/Cat%C3%A9gorie:Style_majeur_de_karat%C3%A9_%C3%A0_Okinawa\">styles majeurs<\/a> de <a href=\"https:\/\/fr.wikipedia.org\/wiki\/Karat%C3%A9\">karat\u00e9<\/a> \u00e0 <a href=\"https:\/\/fr.wikipedia.org\/wiki\/Okinawa_(%C3%AEle)\">Okinawa<\/a> h\u00e9rit\u00e9 de l&rsquo;enseignement de <a href=\"https:\/\/fr.wikipedia.org\/wiki\/Kambun_Uechi\">Kambun Uechi<\/a>, qui naquit \u00e0 Okinawa le 5 mai 1877.<\/p>\n\n\n\n<h1 class=\"wp-block-heading\">Historique<\/h1>\n\n\n\n<p>Le p\u00e8re de Kambun UECHI \u00e9tait un paysan et la famille vivait tr\u00e8s modestement. Homme tranquille et tr\u00e8s doux, le p\u00e8re se faisait souvent importuner par ses voisins. Aussi, le jeune Kanbun d\u00e9cida-t-il d\u2019apprendre les arts martiaux pour devenir fort et se faire respecter. \u00c0 l\u2019\u00e2ge de vingt ans, pour \u00e9viter la conscription, il partit en Chine. Il y fit la connaissance d\u2019un ma\u00eetre de boxe chinoise qui lui enseigna pendant 10 ans.<br>L\u2019originalit\u00e9 de cette \u00e9cole de boxe \u00e9tait le travail main ouverte, les coups port\u00e9s avec la pointe des orteils, des piques aux yeux, des blocages circulaires\u2026<\/p>\n\n\n\n<p>UECHI RYU en France<br>le style <a href=\"https:\/\/fr.wikipedia.org\/wiki\/Uechi-ry%C5%AB\">Uechi-ry\u016b<\/a> a \u00e9t\u00e9 introduit en France en 1986 par <strong>Yukinobu Shimabukuro<\/strong>.<br>N\u00e9 en 1942, pratiquant depuis 1962, il est aujourd\u2019hui 9<sup>\u00e8me<\/sup> Dan. Il a re\u00e7u ce titre en 2007 de la main de Ma\u00eetre <a href=\"https:\/\/fr.wikipedia.org\/w\/index.php?title=Kanmei_Uechi&amp;action=edit&amp;redlink=1\">Kanmei Uechi<\/a>. Celui-ci lui a confi\u00e9 le r\u00f4le de repr\u00e9sentant du style en Europe.<\/p>\n\n\n\n<p>Depuis 1984, Ma\u00eetre Shimabukuro habite en France, et participe activement au d\u00e9veloppement du <a href=\"https:\/\/fr.wikipedia.org\/wiki\/Uechi-ry%C5%AB\">Uechi-ry\u016b<\/a> en Europe.<\/p>\n\n\n\n<h1 class=\"wp-block-heading\">Didier LORHO 6\u00b0 Dan Uechi Ryu Expert F\u00e9d\u00e9ral<\/h1>\n\n\n\n<p>Didier Lorho a commenc\u00e9 le karat\u00e9 dans la r\u00e9gion brestoise puis est parti pour raisons professionnelles. Sa rencontre avec le Maitre SHIMABUKURO sera d\u00e9terminante et il suivra l\u2019enseignement du maitre pendant de longues ann\u00e9es. Il a pris sa succession au club de Carri\u00e8res sur seine dans les Yvelines.<\/p>\n\n\n\n<p>Il est aujourd\u2019hui Expert f\u00e9d\u00e9ral de la discipline au sein de la F\u00e9d\u00e9ration Fran\u00e7aise de Karat\u00e9.<br>Ses attaches bretonnes ont permis la rencontre avec les pratiquants du Foyer La\u00efque de Lanester. Il y vient faire d\u00e9couvrir sa discipline et nous avons saisi l\u2019opportunit\u00e9 d\u2019inviter les pratiquants disponibles d\u2019en b\u00e9n\u00e9ficier.<\/p>\n\n\n\n<h1 class=\"wp-block-heading\">NITEN RYU KARATE<br>Le karat\u00e9 pratiqu\u00e9 au Foyer La\u00efque est de style shotokan. Le professeur principal, PY LE TROCQUER, 7<sup>\u00e8me<\/sup> Dan expert r\u00e9gional karat\u00e9 au sein de la ligue de bretagne s\u2019appuie essentiellement sur le style du Maitre Kanazawa.<br>Mais le karat\u00e9 au sein du FLL est aussi pratiqu\u00e9 avec le souci permanent d\u2019ouvrir les pratiquants aux autres styles qu\u2019ils soient repr\u00e9sent\u00e9s ou non en Bretagne. Dans les ann\u00e9es 90 le professeur a \u00e9t\u00e9 l\u2019instigateur de stages de d\u00e9couverte des autres styles organis\u00e9s par le d\u00e9partement du Morbihan facilit\u00e9 en cela par la pr\u00e9sence du pr\u00e9sident de la structure dans les \u00e9l\u00e8ves du club.<\/h1>\n\n\n\n<p>A ce jour, le club compte 75 adh\u00e9rents de 6 \u00e0 75 ans,20 ceintures noires, 29% de femmes, 37 pratiquants ont moins de 18 ans.<br>8 professeurs dipl\u00f4m\u00e9s animent les 9 cr\u00e9neaux horaires propos\u00e9s chaque semaine, en matin\u00e9e et soir\u00e9e.<\/p>\n\n\n\n<p>Il est toujours possible de s\u2019inscrire et de d\u00e9couvrir la discipline, des cours sont propos\u00e9s aux d\u00e9butants ainsi qu\u2019aux s\u00e9niors de plus de 50 ans.<br>PLUS D\u2019INFORMATIONS <a href=\"http:\/\/www.karate-lanester.org\">www.karate-lanester.org<\/a> ou <a href=\"http:\/\/www.foyerlaiquelanester.fr\">www.foyerlaiquelanester.fr<\/a><\/p>\n","protected":false},"excerpt":{"rendered":"<p>L&rsquo;Uechi-ry\u016b est un des styles majeurs de karat\u00e9 \u00e0 Okinawa h\u00e9rit\u00e9 de l&rsquo;enseignement de Kambun Uechi, qui naquit \u00e0 Okinawa le 5 mai 1877. Historique Le p\u00e8re de Kambun UECHI \u00e9tait un paysan et la famille vivait tr\u00e8s modestement. Homme &hellip; <a href=\"https:\/\/karate-lanester.org\/index.php\/2023\/03\/02\/uechi-ryu-au-fll\/\">Continuer la lecture <span class=\"meta-nav\">&rarr;<\/span><\/a><\/p>\n","protected":false},"author":1,"featured_media":0,"comment_status":"open","ping_status":"open","sticky":false,"template":"","format":"standard","meta":{"footnotes":""},"categories":[1],"tags":[],"class_list":["post-2501","post","type-post","status-publish","format-standard","hentry","category-non-classe"],"_links":{"self":[{"href":"https:\/\/karate-lanester.org\/index.php\/wp-json\/wp\/v2\/posts\/2501","targetHints":{"allow":["GET"]}}],"collection":[{"href":"https:\/\/karate-lanester.org\/index.php\/wp-json\/wp\/v2\/posts"}],"about":[{"href":"https:\/\/karate-lanester.org\/index.php\/wp-json\/wp\/v2\/types\/post"}],"author":[{"embeddable":true,"href":"https:\/\/karate-lanester.org\/index.php\/wp-json\/wp\/v2\/users\/1"}],"replies":[{"embeddable":true,"href":"https:\/\/karate-lanester.org\/index.php\/wp-json\/wp\/v2\/comments?post=2501"}],"version-history":[{"count":1,"href":"https:\/\/karate-lanester.org\/index.php\/wp-json\/wp\/v2\/posts\/2501\/revisions"}],"predecessor-version":[{"id":2502,"href":"https:\/\/karate-lanester.org\/index.php\/wp-json\/wp\/v2\/posts\/2501\/revisions\/2502"}],"wp:attachment":[{"href":"https:\/\/karate-lanester.org\/index.php\/wp-json\/wp\/v2\/media?parent=2501"}],"wp:term":[{"taxonomy":"category","embeddable":true,"href":"https:\/\/karate-lanester.org\/index.php\/wp-json\/wp\/v2\/categories?post=2501"},{"taxonomy":"post_tag","embeddable":true,"href":"https:\/\/karate-lanester.org\/index.php\/wp-json\/wp\/v2\/tags?post=2501"}],"curies":[{"name":"wp","href":"https:\/\/api.w.org\/{rel}","templated":true}]}}