{"id":2834,"date":"2024-03-18T16:42:54","date_gmt":"2024-03-18T15:42:54","guid":{"rendered":"http:\/\/karate-lanester.org\/?p=2834"},"modified":"2024-03-18T16:42:56","modified_gmt":"2024-03-18T15:42:56","slug":"2024-03-17-stage-plouaret","status":"publish","type":"post","link":"https:\/\/karate-lanester.org\/index.php\/2024\/03\/18\/2024-03-17-stage-plouaret\/","title":{"rendered":"2024 03 17 STAGE PLOUARET"},"content":{"rendered":"\n<p>le dimanche 17 mars 2024 la Ligue de Bretagne de Karat\u00e9 a organis\u00e9 un stage anim\u00e9 par Denis LE MEUR et Pierre Yves LE TROCQUER experts r\u00e9gionaux;<br>Sur proposition de la ligue, Denis a anim\u00e9 la s\u00e9ance du matin sur le th\u00e8me du karat\u00e9 traditionnel et Pierre Yves a pris en charge celle de l&rsquo;apr\u00e8s-midi sur le th\u00e8me des bunka\u00ef.<\/p>\n\n\n\n<figure class=\"wp-block-image size-large\"><img loading=\"lazy\" decoding=\"async\" width=\"1024\" height=\"358\" src=\"https:\/\/karate-lanester.org\/wp-content\/uploads\/2024\/03\/FB_IMG_1710756662330-1024x358.jpg\" alt=\"\" class=\"wp-image-2835\" srcset=\"https:\/\/karate-lanester.org\/wp-content\/uploads\/2024\/03\/FB_IMG_1710756662330-1024x358.jpg 1024w, https:\/\/karate-lanester.org\/wp-content\/uploads\/2024\/03\/FB_IMG_1710756662330-300x105.jpg 300w, https:\/\/karate-lanester.org\/wp-content\/uploads\/2024\/03\/FB_IMG_1710756662330-768x268.jpg 768w, https:\/\/karate-lanester.org\/wp-content\/uploads\/2024\/03\/FB_IMG_1710756662330-1536x537.jpg 1536w, https:\/\/karate-lanester.org\/wp-content\/uploads\/2024\/03\/FB_IMG_1710756662330.jpg 1734w\" sizes=\"auto, (max-width: 1024px) 100vw, 1024px\" \/><\/figure>\n\n\n\n<figure class=\"wp-block-image size-large\"><img loading=\"lazy\" decoding=\"async\" width=\"1024\" height=\"442\" src=\"https:\/\/karate-lanester.org\/wp-content\/uploads\/2024\/03\/FB_IMG_1710756846019-1024x442.jpg\" alt=\"\" class=\"wp-image-2836\" srcset=\"https:\/\/karate-lanester.org\/wp-content\/uploads\/2024\/03\/FB_IMG_1710756846019-1024x442.jpg 1024w, https:\/\/karate-lanester.org\/wp-content\/uploads\/2024\/03\/FB_IMG_1710756846019-300x130.jpg 300w, https:\/\/karate-lanester.org\/wp-content\/uploads\/2024\/03\/FB_IMG_1710756846019-768x332.jpg 768w, https:\/\/karate-lanester.org\/wp-content\/uploads\/2024\/03\/FB_IMG_1710756846019-1536x664.jpg 1536w, https:\/\/karate-lanester.org\/wp-content\/uploads\/2024\/03\/FB_IMG_1710756846019.jpg 1736w\" sizes=\"auto, (max-width: 1024px) 100vw, 1024px\" \/><\/figure>\n","protected":false},"excerpt":{"rendered":"<p>le dimanche 17 mars 2024 la Ligue de Bretagne de Karat\u00e9 a organis\u00e9 un stage anim\u00e9 par Denis LE MEUR et Pierre Yves LE TROCQUER experts r\u00e9gionaux;Sur proposition de la ligue, Denis a anim\u00e9 la s\u00e9ance du matin sur le &hellip; <a href=\"https:\/\/karate-lanester.org\/index.php\/2024\/03\/18\/2024-03-17-stage-plouaret\/\">Continuer la lecture <span class=\"meta-nav\">&rarr;<\/span><\/a><\/p>\n","protected":false},"author":1,"featured_media":0,"comment_status":"open","ping_status":"open","sticky":false,"template":"","format":"standard","meta":{"footnotes":""},"categories":[1],"tags":[],"class_list":["post-2834","post","type-post","status-publish","format-standard","hentry","category-non-classe"],"_links":{"self":[{"href":"https:\/\/karate-lanester.org\/index.php\/wp-json\/wp\/v2\/posts\/2834","targetHints":{"allow":["GET"]}}],"collection":[{"href":"https:\/\/karate-lanester.org\/index.php\/wp-json\/wp\/v2\/posts"}],"about":[{"href":"https:\/\/karate-lanester.org\/index.php\/wp-json\/wp\/v2\/types\/post"}],"author":[{"embeddable":true,"href":"https:\/\/karate-lanester.org\/index.php\/wp-json\/wp\/v2\/users\/1"}],"replies":[{"embeddable":true,"href":"https:\/\/karate-lanester.org\/index.php\/wp-json\/wp\/v2\/comments?post=2834"}],"version-history":[{"count":1,"href":"https:\/\/karate-lanester.org\/index.php\/wp-json\/wp\/v2\/posts\/2834\/revisions"}],"predecessor-version":[{"id":2837,"href":"https:\/\/karate-lanester.org\/index.php\/wp-json\/wp\/v2\/posts\/2834\/revisions\/2837"}],"wp:attachment":[{"href":"https:\/\/karate-lanester.org\/index.php\/wp-json\/wp\/v2\/media?parent=2834"}],"wp:term":[{"taxonomy":"category","embeddable":true,"href":"https:\/\/karate-lanester.org\/index.php\/wp-json\/wp\/v2\/categories?post=2834"},{"taxonomy":"post_tag","embeddable":true,"href":"https:\/\/karate-lanester.org\/index.php\/wp-json\/wp\/v2\/tags?post=2834"}],"curies":[{"name":"wp","href":"https:\/\/api.w.org\/{rel}","templated":true}]}}