{"id":3037,"date":"2025-01-01T16:08:39","date_gmt":"2025-01-01T15:08:39","guid":{"rendered":"http:\/\/karate-lanester.org\/?p=3037"},"modified":"2025-01-01T16:08:40","modified_gmt":"2025-01-01T15:08:40","slug":"reprise-en-janvier-2025","status":"publish","type":"post","link":"https:\/\/karate-lanester.org\/index.php\/2025\/01\/01\/reprise-en-janvier-2025\/","title":{"rendered":"Reprise en janvier 2025"},"content":{"rendered":"\n<p>Bonjour \u00e0 toutes et \u00e0 tous<\/p>\n\n\n\n<p>Le bureau et les Professeurs de la section karat\u00e9 vous pr\u00e9sentent leurs meilleurs v\u0153ux pour cette nouvelle ann\u00e9e 2025.  <\/p>\n\n\n\n<p>Quelques informations concernant cette reprise.<\/p>\n\n\n\n<p><strong>1<\/strong> venez accompagn\u00e9 d\u2019un ami, d\u2019une amie, qui pourra essayer gracieusement l\u2019activit\u00e9 pendant un mois.<br>Cette proposition s\u2019adresse \u00e0 tous les licenci\u00e9s quel que soit l\u2019\u00e2ge ou le groupe.<\/p>\n\n\n\n<p>Pour le \u00ab&nbsp;filleul&nbsp;\u00bb en cas d\u2019adh\u00e9sion \u00e0 l\u2019issue du mois d\u2019essai la cotisation se r\u00e9sumera \u00e0 un trimestre de cours jusqu\u2019\u00e0 la fin de saison plus la carte FLL et la licence F\u00e9d\u00e9rale.<br>&nbsp;soit pour le groupe enfants&nbsp;(6 \u00e0 11 ans) : &nbsp;&nbsp;&nbsp;&nbsp;85\u20ac au lieu de 102\u20ac<br>&nbsp;pour les minimes cadets (12 \u00e0 15 ans)&nbsp; &nbsp;:&nbsp;&nbsp;&nbsp;&nbsp;&nbsp; 91\u20ac au lieu de 116\u20ac<br>&nbsp;pour les juniors et adultes (16 ans et +)&nbsp;:&nbsp; 113\u20ac au lieu de 159\u20ac<\/p>\n\n\n\n<p><strong>2 <\/strong>Le bureau de section a pour projet de faire une galette des rois le vendredi 24 janvier \u00e0 18h30.<br>Merci de vous inscrire par mail en pr\u00e9cisant le nom, pr\u00e9nom et le nombre de participants afin de faciliter la logistique.<\/p>\n\n\n\n<p><strong>3<\/strong> passages de grades (dates \u00e0 confirmer d\u00e8s la reprise des activit\u00e9s)<br>&nbsp;&nbsp; pour les enfants SAMEDI 25 JANVIER A 10H00<br>&nbsp;&nbsp; pour les adultes le VENDREDI 31 JANVIER A 18H00<br>&nbsp;&nbsp; pour les seniors MARDI 28 JANVIER A 10H00<br>&nbsp;&nbsp;&nbsp;<\/p>\n\n\n\n<figure class=\"wp-block-image size-large is-resized\"><img loading=\"lazy\" decoding=\"async\" src=\"https:\/\/karate-lanester.org\/wp-content\/uploads\/2025\/01\/VOEUX-2025-1-1024x576.jpg\" alt=\"\" class=\"wp-image-3038\" width=\"371\" height=\"208\" srcset=\"https:\/\/karate-lanester.org\/wp-content\/uploads\/2025\/01\/VOEUX-2025-1-1024x576.jpg 1024w, https:\/\/karate-lanester.org\/wp-content\/uploads\/2025\/01\/VOEUX-2025-1-300x169.jpg 300w, https:\/\/karate-lanester.org\/wp-content\/uploads\/2025\/01\/VOEUX-2025-1-768x432.jpg 768w, https:\/\/karate-lanester.org\/wp-content\/uploads\/2025\/01\/VOEUX-2025-1.jpg 1280w\" sizes=\"auto, (max-width: 371px) 100vw, 371px\" \/><\/figure>\n","protected":false},"excerpt":{"rendered":"<p>Bonjour \u00e0 toutes et \u00e0 tous Le bureau et les Professeurs de la section karat\u00e9 vous pr\u00e9sentent leurs meilleurs v\u0153ux pour cette nouvelle ann\u00e9e 2025. Quelques informations concernant cette reprise. 1 venez accompagn\u00e9 d\u2019un ami, d\u2019une amie, qui pourra essayer &hellip; <a href=\"https:\/\/karate-lanester.org\/index.php\/2025\/01\/01\/reprise-en-janvier-2025\/\">Continuer la lecture <span class=\"meta-nav\">&rarr;<\/span><\/a><\/p>\n","protected":false},"author":1,"featured_media":0,"comment_status":"open","ping_status":"open","sticky":false,"template":"","format":"standard","meta":{"footnotes":""},"categories":[1],"tags":[],"class_list":["post-3037","post","type-post","status-publish","format-standard","hentry","category-non-classe"],"_links":{"self":[{"href":"https:\/\/karate-lanester.org\/index.php\/wp-json\/wp\/v2\/posts\/3037","targetHints":{"allow":["GET"]}}],"collection":[{"href":"https:\/\/karate-lanester.org\/index.php\/wp-json\/wp\/v2\/posts"}],"about":[{"href":"https:\/\/karate-lanester.org\/index.php\/wp-json\/wp\/v2\/types\/post"}],"author":[{"embeddable":true,"href":"https:\/\/karate-lanester.org\/index.php\/wp-json\/wp\/v2\/users\/1"}],"replies":[{"embeddable":true,"href":"https:\/\/karate-lanester.org\/index.php\/wp-json\/wp\/v2\/comments?post=3037"}],"version-history":[{"count":1,"href":"https:\/\/karate-lanester.org\/index.php\/wp-json\/wp\/v2\/posts\/3037\/revisions"}],"predecessor-version":[{"id":3039,"href":"https:\/\/karate-lanester.org\/index.php\/wp-json\/wp\/v2\/posts\/3037\/revisions\/3039"}],"wp:attachment":[{"href":"https:\/\/karate-lanester.org\/index.php\/wp-json\/wp\/v2\/media?parent=3037"}],"wp:term":[{"taxonomy":"category","embeddable":true,"href":"https:\/\/karate-lanester.org\/index.php\/wp-json\/wp\/v2\/categories?post=3037"},{"taxonomy":"post_tag","embeddable":true,"href":"https:\/\/karate-lanester.org\/index.php\/wp-json\/wp\/v2\/tags?post=3037"}],"curies":[{"name":"wp","href":"https:\/\/api.w.org\/{rel}","templated":true}]}}