{"id":3415,"date":"2025-11-02T10:51:25","date_gmt":"2025-11-02T09:51:25","guid":{"rendered":"https:\/\/karate-lanester.org\/?p=3415"},"modified":"2025-11-02T10:51:25","modified_gmt":"2025-11-02T09:51:25","slug":"elections-federales-2","status":"publish","type":"post","link":"https:\/\/karate-lanester.org\/index.php\/2025\/11\/02\/elections-federales-2\/","title":{"rendered":"\u00c9lections F\u00e9d\u00e9rales"},"content":{"rendered":"\n<p>suite \u00e0 la d\u00e9cision du tribunal de Nanterre prenant acte de la d\u00e9mission du Pr\u00e9sident de la FFKDA, de nouvelles \u00e9lections sont organis\u00e9es.<\/p>\n\n\n\n<p>Vous trouverez tous les \u00e9l\u00e9ments sur le site f\u00e9d\u00e9ral \u00e0  <a href=\"https:\/\/www.ffkarate.fr\/election-presidentielle\/\">https:\/\/www.ffkarate.fr\/election-presidentielle\/<\/a><\/p>\n\n\n\n<p>Prenez le temps de lire ces documents, la situation est suffisamment grave pour que chacun se rende compte des enjeux pour notre discipline.<\/p>\n","protected":false},"excerpt":{"rendered":"<p>suite \u00e0 la d\u00e9cision du tribunal de Nanterre prenant acte de la d\u00e9mission du Pr\u00e9sident de la FFKDA, de nouvelles \u00e9lections sont organis\u00e9es. Vous trouverez tous les \u00e9l\u00e9ments sur le site f\u00e9d\u00e9ral \u00e0 https:\/\/www.ffkarate.fr\/election-presidentielle\/ Prenez le temps de lire ces &hellip; <a href=\"https:\/\/karate-lanester.org\/index.php\/2025\/11\/02\/elections-federales-2\/\">Continuer la lecture <span class=\"meta-nav\">&rarr;<\/span><\/a><\/p>\n","protected":false},"author":1,"featured_media":0,"comment_status":"open","ping_status":"open","sticky":false,"template":"","format":"standard","meta":{"footnotes":""},"categories":[1],"tags":[],"class_list":["post-3415","post","type-post","status-publish","format-standard","hentry","category-non-classe"],"_links":{"self":[{"href":"https:\/\/karate-lanester.org\/index.php\/wp-json\/wp\/v2\/posts\/3415","targetHints":{"allow":["GET"]}}],"collection":[{"href":"https:\/\/karate-lanester.org\/index.php\/wp-json\/wp\/v2\/posts"}],"about":[{"href":"https:\/\/karate-lanester.org\/index.php\/wp-json\/wp\/v2\/types\/post"}],"author":[{"embeddable":true,"href":"https:\/\/karate-lanester.org\/index.php\/wp-json\/wp\/v2\/users\/1"}],"replies":[{"embeddable":true,"href":"https:\/\/karate-lanester.org\/index.php\/wp-json\/wp\/v2\/comments?post=3415"}],"version-history":[{"count":1,"href":"https:\/\/karate-lanester.org\/index.php\/wp-json\/wp\/v2\/posts\/3415\/revisions"}],"predecessor-version":[{"id":3416,"href":"https:\/\/karate-lanester.org\/index.php\/wp-json\/wp\/v2\/posts\/3415\/revisions\/3416"}],"wp:attachment":[{"href":"https:\/\/karate-lanester.org\/index.php\/wp-json\/wp\/v2\/media?parent=3415"}],"wp:term":[{"taxonomy":"category","embeddable":true,"href":"https:\/\/karate-lanester.org\/index.php\/wp-json\/wp\/v2\/categories?post=3415"},{"taxonomy":"post_tag","embeddable":true,"href":"https:\/\/karate-lanester.org\/index.php\/wp-json\/wp\/v2\/tags?post=3415"}],"curies":[{"name":"wp","href":"https:\/\/api.w.org\/{rel}","templated":true}]}}