{"id":3466,"date":"2025-12-14T18:11:22","date_gmt":"2025-12-14T17:11:22","guid":{"rendered":"https:\/\/karate-lanester.org\/?p=3466"},"modified":"2025-12-14T18:11:22","modified_gmt":"2025-12-14T17:11:22","slug":"bureau-de-la-section-karate","status":"publish","type":"post","link":"https:\/\/karate-lanester.org\/index.php\/2025\/12\/14\/bureau-de-la-section-karate\/","title":{"rendered":"bureau de la section karat\u00e9"},"content":{"rendered":"\n<p>A l&rsquo;assembl\u00e9e g\u00e9n\u00e9rale du FLL il y a eu l&rsquo;\u00e9lection de nouveaux membres du Conseil d&rsquo;Administration.<\/p>\n\n\n\n<p>pour repr\u00e9senter la section karat\u00e9 sont \u00e9lus :<br>Herv\u00e9 JUDIC, Henri ROYE et Christophe AUDO. Ils si\u00e8gent au CA avec droit de vote.<\/p>\n\n\n\n<p>Pierre Yves LE TROCQUER, en tant que Pr\u00e9sident d\u00e9l\u00e9gu\u00e9 de la section karat\u00e9,  si\u00e8ge \u00e9galement au CA mais n&rsquo;a pas de droit de vote conform\u00e9ment aux statuts du FLL<\/p>\n\n\n\n<p><\/p>\n","protected":false},"excerpt":{"rendered":"<p>A l&rsquo;assembl\u00e9e g\u00e9n\u00e9rale du FLL il y a eu l&rsquo;\u00e9lection de nouveaux membres du Conseil d&rsquo;Administration. pour repr\u00e9senter la section karat\u00e9 sont \u00e9lus :Herv\u00e9 JUDIC, Henri ROYE et Christophe AUDO. Ils si\u00e8gent au CA avec droit de vote. Pierre Yves &hellip; <a href=\"https:\/\/karate-lanester.org\/index.php\/2025\/12\/14\/bureau-de-la-section-karate\/\">Continuer la lecture <span class=\"meta-nav\">&rarr;<\/span><\/a><\/p>\n","protected":false},"author":1,"featured_media":0,"comment_status":"open","ping_status":"open","sticky":false,"template":"","format":"standard","meta":{"footnotes":""},"categories":[1],"tags":[],"class_list":["post-3466","post","type-post","status-publish","format-standard","hentry","category-non-classe"],"_links":{"self":[{"href":"https:\/\/karate-lanester.org\/index.php\/wp-json\/wp\/v2\/posts\/3466","targetHints":{"allow":["GET"]}}],"collection":[{"href":"https:\/\/karate-lanester.org\/index.php\/wp-json\/wp\/v2\/posts"}],"about":[{"href":"https:\/\/karate-lanester.org\/index.php\/wp-json\/wp\/v2\/types\/post"}],"author":[{"embeddable":true,"href":"https:\/\/karate-lanester.org\/index.php\/wp-json\/wp\/v2\/users\/1"}],"replies":[{"embeddable":true,"href":"https:\/\/karate-lanester.org\/index.php\/wp-json\/wp\/v2\/comments?post=3466"}],"version-history":[{"count":1,"href":"https:\/\/karate-lanester.org\/index.php\/wp-json\/wp\/v2\/posts\/3466\/revisions"}],"predecessor-version":[{"id":3467,"href":"https:\/\/karate-lanester.org\/index.php\/wp-json\/wp\/v2\/posts\/3466\/revisions\/3467"}],"wp:attachment":[{"href":"https:\/\/karate-lanester.org\/index.php\/wp-json\/wp\/v2\/media?parent=3466"}],"wp:term":[{"taxonomy":"category","embeddable":true,"href":"https:\/\/karate-lanester.org\/index.php\/wp-json\/wp\/v2\/categories?post=3466"},{"taxonomy":"post_tag","embeddable":true,"href":"https:\/\/karate-lanester.org\/index.php\/wp-json\/wp\/v2\/tags?post=3466"}],"curies":[{"name":"wp","href":"https:\/\/api.w.org\/{rel}","templated":true}]}}