{"id":416,"date":"2017-01-03T14:31:42","date_gmt":"2017-01-03T13:31:42","guid":{"rendered":"http:\/\/karate-lanester.org\/?p=416"},"modified":"2017-01-03T14:31:42","modified_gmt":"2017-01-03T13:31:42","slug":"reprise-de-janvier","status":"publish","type":"post","link":"https:\/\/karate-lanester.org\/index.php\/2017\/01\/03\/reprise-de-janvier\/","title":{"rendered":"reprise de janvier"},"content":{"rendered":"<p>Bonne ann\u00e9e \u00e0 tous.<\/p>\n<p>La reprise se profile, un\u00a0 temps annonc\u00e9e la semaine prochaine, je vous informe que des Instructeurs seront pr\u00e9sents d\u00e8s ce soir.<\/p>\n<p>Pour ma part, Vendredi prochain le 6 janvier, j&rsquo;animerai le cours de 18h30 sur le th\u00e8me du kata KI TE. dont voici un <a href=\"https:\/\/www.youtube.com\/watch?v=McVf2bTvqSs\">exemple<\/a><\/p>\n<p>Pierre Yves<\/p>\n","protected":false},"excerpt":{"rendered":"<p>Bonne ann\u00e9e \u00e0 tous. La reprise se profile, un\u00a0 temps annonc\u00e9e la semaine prochaine, je vous informe que des Instructeurs seront pr\u00e9sents d\u00e8s ce soir. Pour ma part, Vendredi prochain le 6 janvier, j&rsquo;animerai le cours de 18h30 sur le &hellip; <a href=\"https:\/\/karate-lanester.org\/index.php\/2017\/01\/03\/reprise-de-janvier\/\">Continuer la lecture <span class=\"meta-nav\">&rarr;<\/span><\/a><\/p>\n","protected":false},"author":1,"featured_media":0,"comment_status":"open","ping_status":"open","sticky":false,"template":"","format":"standard","meta":{"footnotes":""},"categories":[1],"tags":[5],"class_list":["post-416","post","type-post","status-publish","format-standard","hentry","category-non-classe","tag-non-classe"],"_links":{"self":[{"href":"https:\/\/karate-lanester.org\/index.php\/wp-json\/wp\/v2\/posts\/416","targetHints":{"allow":["GET"]}}],"collection":[{"href":"https:\/\/karate-lanester.org\/index.php\/wp-json\/wp\/v2\/posts"}],"about":[{"href":"https:\/\/karate-lanester.org\/index.php\/wp-json\/wp\/v2\/types\/post"}],"author":[{"embeddable":true,"href":"https:\/\/karate-lanester.org\/index.php\/wp-json\/wp\/v2\/users\/1"}],"replies":[{"embeddable":true,"href":"https:\/\/karate-lanester.org\/index.php\/wp-json\/wp\/v2\/comments?post=416"}],"version-history":[{"count":1,"href":"https:\/\/karate-lanester.org\/index.php\/wp-json\/wp\/v2\/posts\/416\/revisions"}],"predecessor-version":[{"id":417,"href":"https:\/\/karate-lanester.org\/index.php\/wp-json\/wp\/v2\/posts\/416\/revisions\/417"}],"wp:attachment":[{"href":"https:\/\/karate-lanester.org\/index.php\/wp-json\/wp\/v2\/media?parent=416"}],"wp:term":[{"taxonomy":"category","embeddable":true,"href":"https:\/\/karate-lanester.org\/index.php\/wp-json\/wp\/v2\/categories?post=416"},{"taxonomy":"post_tag","embeddable":true,"href":"https:\/\/karate-lanester.org\/index.php\/wp-json\/wp\/v2\/tags?post=416"}],"curies":[{"name":"wp","href":"https:\/\/api.w.org\/{rel}","templated":true}]}}