{"id":429,"date":"2017-01-11T15:33:22","date_gmt":"2017-01-11T14:33:22","guid":{"rendered":"http:\/\/karate-lanester.org\/?p=429"},"modified":"2017-01-11T15:33:22","modified_gmt":"2017-01-11T14:33:22","slug":"stage-jka-de-printemps","status":"publish","type":"post","link":"https:\/\/karate-lanester.org\/index.php\/2017\/01\/11\/stage-jka-de-printemps\/","title":{"rendered":"stage JKA de printemps"},"content":{"rendered":"<p>l&rsquo;affiche du stage est maintenant en ligne. Cette ann\u00e9e les s\u00e9ances seront encadr\u00e9es par Messieurs LAUTIER et MOREAU car Monsieur SAWADA est indisponible pour raisons de sant\u00e9.<br \/>\nIl y aura :<br \/>\n2 cours adultes en simultan\u00e9 le vendredi soir au FLL<br \/>\n1 cours adultes et 1 cours enfants (8ans minimum) en simultan\u00e9 le samedi matin \u00e0 PLOEMEUR<br \/>\n2 cours adultes en simultan\u00e9 le samedi apr\u00e8s midi \u00e0 PLOEMEUR<br \/>\n<a href=\"https:\/\/karate-lanester.org\/index.php\/stages\/\">Voir les d\u00e9tails<\/a><\/p>\n","protected":false},"excerpt":{"rendered":"<p>l&rsquo;affiche du stage est maintenant en ligne. Cette ann\u00e9e les s\u00e9ances seront encadr\u00e9es par Messieurs LAUTIER et MOREAU car Monsieur SAWADA est indisponible pour raisons de sant\u00e9. Il y aura : 2 cours adultes en simultan\u00e9 le vendredi soir au &hellip; <a href=\"https:\/\/karate-lanester.org\/index.php\/2017\/01\/11\/stage-jka-de-printemps\/\">Continuer la lecture <span class=\"meta-nav\">&rarr;<\/span><\/a><\/p>\n","protected":false},"author":1,"featured_media":0,"comment_status":"open","ping_status":"open","sticky":false,"template":"","format":"standard","meta":{"footnotes":""},"categories":[1],"tags":[5],"class_list":["post-429","post","type-post","status-publish","format-standard","hentry","category-non-classe","tag-non-classe"],"_links":{"self":[{"href":"https:\/\/karate-lanester.org\/index.php\/wp-json\/wp\/v2\/posts\/429","targetHints":{"allow":["GET"]}}],"collection":[{"href":"https:\/\/karate-lanester.org\/index.php\/wp-json\/wp\/v2\/posts"}],"about":[{"href":"https:\/\/karate-lanester.org\/index.php\/wp-json\/wp\/v2\/types\/post"}],"author":[{"embeddable":true,"href":"https:\/\/karate-lanester.org\/index.php\/wp-json\/wp\/v2\/users\/1"}],"replies":[{"embeddable":true,"href":"https:\/\/karate-lanester.org\/index.php\/wp-json\/wp\/v2\/comments?post=429"}],"version-history":[{"count":1,"href":"https:\/\/karate-lanester.org\/index.php\/wp-json\/wp\/v2\/posts\/429\/revisions"}],"predecessor-version":[{"id":430,"href":"https:\/\/karate-lanester.org\/index.php\/wp-json\/wp\/v2\/posts\/429\/revisions\/430"}],"wp:attachment":[{"href":"https:\/\/karate-lanester.org\/index.php\/wp-json\/wp\/v2\/media?parent=429"}],"wp:term":[{"taxonomy":"category","embeddable":true,"href":"https:\/\/karate-lanester.org\/index.php\/wp-json\/wp\/v2\/categories?post=429"},{"taxonomy":"post_tag","embeddable":true,"href":"https:\/\/karate-lanester.org\/index.php\/wp-json\/wp\/v2\/tags?post=429"}],"curies":[{"name":"wp","href":"https:\/\/api.w.org\/{rel}","templated":true}]}}