{"id":442,"date":"2017-01-15T21:18:25","date_gmt":"2017-01-15T20:18:25","guid":{"rendered":"http:\/\/karate-lanester.org\/?p=442"},"modified":"2017-01-15T21:18:25","modified_gmt":"2017-01-15T20:18:25","slug":"evolution-du-cours-du-mardi-18h30220h00","status":"publish","type":"post","link":"https:\/\/karate-lanester.org\/index.php\/2017\/01\/15\/evolution-du-cours-du-mardi-18h30220h00\/","title":{"rendered":"\u00c9volution du cours du mardi &#8211; 18h30\/220h00"},"content":{"rendered":"<p>Pour permettre aux jeunes karat\u00e9kas \u00e2g\u00e9s de 11 \/ 12 ans d\u2019int\u00e9grer plus facilement les cours adultes, nous avons d\u00e9cid\u00e9 de fonctionner en ateliers au cours du mardi soir de 18h30 \u00e0 20h00.<\/p>\n<p>D\u00e8s mardi prochain, le 17 janvier, nous proposerons une partie technique pour les adultes \u2013 le cours habituel \u2013 et une partie plus ax\u00e9e sur les techniques de comp\u00e9tition pour les autres.<\/p>\n<p>Je demande aux parents des jeunes de 11 ans et plus qui ne venaient pas sur cette tranche horaire de manifester leur int\u00e9r\u00eat ou leur d\u00e9sapprobation afin que nous puissions juger de la pertinence de notre proposition.<\/p>\n<p>Renaud LAUGA accueillera d\u00e8s ce mardi les jeunes int\u00e9ress\u00e9s et Michel RENDA et Philippe POENCIER organiserons la s\u00e9ance pour les autres.<\/p>\n<p>Pierre Yves<\/p>\n<p>&nbsp;<\/p>\n","protected":false},"excerpt":{"rendered":"<p>Pour permettre aux jeunes karat\u00e9kas \u00e2g\u00e9s de 11 \/ 12 ans d\u2019int\u00e9grer plus facilement les cours adultes, nous avons d\u00e9cid\u00e9 de fonctionner en ateliers au cours du mardi soir de 18h30 \u00e0 20h00. D\u00e8s mardi prochain, le 17 janvier, nous &hellip; <a href=\"https:\/\/karate-lanester.org\/index.php\/2017\/01\/15\/evolution-du-cours-du-mardi-18h30220h00\/\">Continuer la lecture <span class=\"meta-nav\">&rarr;<\/span><\/a><\/p>\n","protected":false},"author":1,"featured_media":0,"comment_status":"open","ping_status":"open","sticky":false,"template":"","format":"standard","meta":{"footnotes":""},"categories":[1],"tags":[5],"class_list":["post-442","post","type-post","status-publish","format-standard","hentry","category-non-classe","tag-non-classe"],"_links":{"self":[{"href":"https:\/\/karate-lanester.org\/index.php\/wp-json\/wp\/v2\/posts\/442","targetHints":{"allow":["GET"]}}],"collection":[{"href":"https:\/\/karate-lanester.org\/index.php\/wp-json\/wp\/v2\/posts"}],"about":[{"href":"https:\/\/karate-lanester.org\/index.php\/wp-json\/wp\/v2\/types\/post"}],"author":[{"embeddable":true,"href":"https:\/\/karate-lanester.org\/index.php\/wp-json\/wp\/v2\/users\/1"}],"replies":[{"embeddable":true,"href":"https:\/\/karate-lanester.org\/index.php\/wp-json\/wp\/v2\/comments?post=442"}],"version-history":[{"count":1,"href":"https:\/\/karate-lanester.org\/index.php\/wp-json\/wp\/v2\/posts\/442\/revisions"}],"predecessor-version":[{"id":443,"href":"https:\/\/karate-lanester.org\/index.php\/wp-json\/wp\/v2\/posts\/442\/revisions\/443"}],"wp:attachment":[{"href":"https:\/\/karate-lanester.org\/index.php\/wp-json\/wp\/v2\/media?parent=442"}],"wp:term":[{"taxonomy":"category","embeddable":true,"href":"https:\/\/karate-lanester.org\/index.php\/wp-json\/wp\/v2\/categories?post=442"},{"taxonomy":"post_tag","embeddable":true,"href":"https:\/\/karate-lanester.org\/index.php\/wp-json\/wp\/v2\/tags?post=442"}],"curies":[{"name":"wp","href":"https:\/\/api.w.org\/{rel}","templated":true}]}}