{"id":720,"date":"2017-12-14T10:41:55","date_gmt":"2017-12-14T09:41:55","guid":{"rendered":"http:\/\/karate-lanester.org\/?p=720"},"modified":"2017-12-14T10:41:55","modified_gmt":"2017-12-14T09:41:55","slug":"le-projet-du-nouveau-president","status":"publish","type":"post","link":"https:\/\/karate-lanester.org\/index.php\/2017\/12\/14\/le-projet-du-nouveau-president\/","title":{"rendered":"Le projet du nouveau pr\u00e9sident"},"content":{"rendered":"<p>article <img loading=\"lazy\" decoding=\"async\" class=\"alignnone size-full wp-image-711\" src=\"https:\/\/karate-lanester.org\/wp-content\/uploads\/2017\/12\/telegramme.png\" alt=\"\" width=\"170\" height=\"30\" \/> du 14 d\u00e9cembre 2017<img loading=\"lazy\" decoding=\"async\" class=\"\" src=\"http:\/\/www.letelegramme.fr\/images\/2017\/12\/14\/eric-le-bail-est-le-nouveau-president-du-fll-dont-il-est_3737253_405x330p.jpg?v=1\" alt=\"\u00c9ric Le Bail est le nouveau pr\u00e9sident du FLL dont il est adh\u00e9rent depuis 1979.\" width=\"110\" height=\"90\" \/><\/p>\n<p>\u00c0 l&rsquo;issue de l&rsquo;assembl\u00e9e g\u00e9n\u00e9rale du Foyer La\u00efque de Lanester, vendredi, \u00c9ric Le Bail a \u00e9t\u00e9 \u00e9lu pr\u00e9sident de l&rsquo;association, la plus grande association de la commune avec pr\u00e8s de 2.000 adh\u00e9rents. Patrick Le Pen, le pr\u00e9sident, n&rsquo;a pas souhait\u00e9 se repr\u00e9senter et personne dans le bureau n&rsquo;a voulu prendre sa place. \u00ab J&rsquo;ai commenc\u00e9 \u00e0 r\u00e9fl\u00e9chir il y a trois semaines \u00e0 l&rsquo;\u00e9ventualit\u00e9 de lui succ\u00e9der. J&rsquo;ai propos\u00e9 ma candidature et pr\u00e9sent\u00e9 un projet associatif avec une vision sur les prochaines ann\u00e9es \u00bb, raconte \u00c9ric Le Bail. Son projet a fait l&rsquo;unanimit\u00e9 au sein du FLL.<\/p>\n<h2 class=\"Hinter_titre\">Une meilleure communication avec la municipalit\u00e9<\/h2>\n<p><br class=\"brInterTitre\" \/> \u00ab Je veux am\u00e9liorer la communication avec la municipalit\u00e9 en cr\u00e9ant un climat de confiance et de respect entre les \u00e9lus municipaux et le bureau du FLL et ceci afin de pouvoir partager leurs r\u00e9flexions sur le devenir de l&rsquo;association.<\/p>\n<div id=\"Position1\" class=\"pub\">\n<div id=\"pub_dfp_article\"><\/div>\n<\/div>\n<p>Concernant le Celtic, la derni\u00e8re entrevue avec la municipalit\u00e9 a laiss\u00e9 entrevoir il y a quelques mois, le souhait d&rsquo;une r\u00e9flexion commune sur l&rsquo;avenir des infrastructures du FLL. Je souhaite voir na\u00eetre une commission \u00ab projet partag\u00e9 Celtic FLL-Mairie \u00bb et une commission des salles qui r\u00e9unira toutes les sections utilisant les gymnases municipaux, cela pour \u00e9viter les derniers cafouillages en ce domaine \u00bb, explique M. Le Bail. \u00c9ric Le Bail souhaite rendre \u00e9quitable le fonctionnement entre les sections. \u00ab La subvention d&rsquo;aide traditionnelle de la Ville doit retourner dans les tr\u00e9soreries des sections concern\u00e9es \u00bb, dit-il.<\/p>\n<h2 class=\"Hinter_titre\">Att\u00e9nuer \u00ab l&rsquo;effet pyramide \u00bb<\/h2>\n<p><br class=\"brInterTitre\" \/>Enfin, \u00c9ric Le Bail souhaite que le \u00ab vivre ensemble \u00bb trouve sa place dans cette grande maison en r\u00e9formant son fonctionnement. \u00ab L&rsquo;effet pyramide est trop important entre le bureau du FLL et le fonctionnement des sections. Les sections et leurs responsables sont souvent oubli\u00e9s, alors qu&rsquo;ils sont au coeur du fonctionnement, le terme \u00a0\u00bb responsable de section \u00a0\u00bb n&rsquo;est plus d&rsquo;actualit\u00e9, \u00a0\u00bb pr\u00e9sident d\u00e9l\u00e9gu\u00e9 \u00a0\u00bb responsabilisera et respectera bien davantage les acteurs des sections \u00bb, annonce le nouveau pr\u00e9sident.<\/p>\n","protected":false},"excerpt":{"rendered":"<p>article du 14 d\u00e9cembre 2017 \u00c0 l&rsquo;issue de l&rsquo;assembl\u00e9e g\u00e9n\u00e9rale du Foyer La\u00efque de Lanester, vendredi, \u00c9ric Le Bail a \u00e9t\u00e9 \u00e9lu pr\u00e9sident de l&rsquo;association, la plus grande association de la commune avec pr\u00e8s de 2.000 adh\u00e9rents. Patrick Le Pen, &hellip; <a href=\"https:\/\/karate-lanester.org\/index.php\/2017\/12\/14\/le-projet-du-nouveau-president\/\">Continuer la lecture <span class=\"meta-nav\">&rarr;<\/span><\/a><\/p>\n","protected":false},"author":1,"featured_media":0,"comment_status":"open","ping_status":"open","sticky":false,"template":"","format":"standard","meta":{"footnotes":""},"categories":[1],"tags":[5],"class_list":["post-720","post","type-post","status-publish","format-standard","hentry","category-non-classe","tag-non-classe"],"_links":{"self":[{"href":"https:\/\/karate-lanester.org\/index.php\/wp-json\/wp\/v2\/posts\/720","targetHints":{"allow":["GET"]}}],"collection":[{"href":"https:\/\/karate-lanester.org\/index.php\/wp-json\/wp\/v2\/posts"}],"about":[{"href":"https:\/\/karate-lanester.org\/index.php\/wp-json\/wp\/v2\/types\/post"}],"author":[{"embeddable":true,"href":"https:\/\/karate-lanester.org\/index.php\/wp-json\/wp\/v2\/users\/1"}],"replies":[{"embeddable":true,"href":"https:\/\/karate-lanester.org\/index.php\/wp-json\/wp\/v2\/comments?post=720"}],"version-history":[{"count":1,"href":"https:\/\/karate-lanester.org\/index.php\/wp-json\/wp\/v2\/posts\/720\/revisions"}],"predecessor-version":[{"id":721,"href":"https:\/\/karate-lanester.org\/index.php\/wp-json\/wp\/v2\/posts\/720\/revisions\/721"}],"wp:attachment":[{"href":"https:\/\/karate-lanester.org\/index.php\/wp-json\/wp\/v2\/media?parent=720"}],"wp:term":[{"taxonomy":"category","embeddable":true,"href":"https:\/\/karate-lanester.org\/index.php\/wp-json\/wp\/v2\/categories?post=720"},{"taxonomy":"post_tag","embeddable":true,"href":"https:\/\/karate-lanester.org\/index.php\/wp-json\/wp\/v2\/tags?post=720"}],"curies":[{"name":"wp","href":"https:\/\/api.w.org\/{rel}","templated":true}]}}