{"id":763,"date":"2018-02-07T12:26:25","date_gmt":"2018-02-07T11:26:25","guid":{"rendered":"http:\/\/karate-lanester.org\/?p=763"},"modified":"2018-02-07T12:26:25","modified_gmt":"2018-02-07T11:26:25","slug":"le-mois-de-mars-arrive","status":"publish","type":"post","link":"https:\/\/karate-lanester.org\/index.php\/2018\/02\/07\/le-mois-de-mars-arrive\/","title":{"rendered":"le mois de mars arrive&#8230;."},"content":{"rendered":"<p>Le mois de f\u00e9vrier est bien entam\u00e9 et d\u00e9j\u00e0 se profile le mois de mars pendant lequel nous aurons 2 rendez vous\u00a0:<\/p>\n<ol>\n<li>Le stage annuel de karat\u00e9 dispens\u00e9 par messieurs Daniel LAUTIER 7<sup>\u00e8me<\/sup> Dan et G\u00e9rard MOREAU 6<sup>\u00e8me<\/sup> Dan. Il se d\u00e9roulera \u00e0 Lanester le vendredi 9 mars \u00e0 Lanester en lieu et place du cours, le samedi 10 \u00e0 Ploemeur, salle de la Chataigneraie.<\/li>\n<\/ol>\n<p>Le samedi matin, le cours enfants sera dispens\u00e9 \u00e0 PLOEMEUR par l\u2019un ou l\u2019autre de ces 2 professeurs.<img loading=\"lazy\" decoding=\"async\" class=\"alignnone size-medium wp-image-759\" src=\"https:\/\/karate-lanester.org\/wp-content\/uploads\/2018\/01\/stage-mars-212x300.jpg\" alt=\"\" width=\"212\" height=\"300\" \/><\/p>\n<ol>\n<li>Le Samedi 17 mars, le Foyer La\u00efque organise une soir\u00e9e d\u00e9di\u00e9e aux sports de combat dispens\u00e9s en son sein. L\u2019organisation est assur\u00e9e par le VIET VO DAO, et nous participons \u00e0 2 pr\u00e9sentations de 10 minutes chacune pour lesquelles nous avons besoin de volontaires.<br \/>\nle contenu des d\u00e9monstrations est indiqu\u00e9 en pi\u00e8ce jointe.<\/li>\n<\/ol>\n<p>La 1<sup>\u00e8re<\/sup> partie sera essentiellement assur\u00e9e par le groupe combat de Renaud, plus d\u2019autres pratiquants du cours adultes\u00a0;<\/p>\n<p>La seconde partie sera assur\u00e9e par les ceintures noires et professeurs et conclue par l\u2019ensemble des participants.<\/p>\n<p><a href=\"https:\/\/karate-lanester.org\/wp-content\/uploads\/2018\/02\/2018-03-17-d\u00e9monstration-du-FLL-tous-sports-de-combat.pdf\">2018 03 17 d\u00e9monstration du FLL (tous sports de combat)<\/a><\/p>\n<p>Nous en reparlerons r\u00e9guli\u00e8rement au cours des prochains cours, notamment pour le nombre de participants.<\/p>\n<p>Cordialement<\/p>\n","protected":false},"excerpt":{"rendered":"<p>Le mois de f\u00e9vrier est bien entam\u00e9 et d\u00e9j\u00e0 se profile le mois de mars pendant lequel nous aurons 2 rendez vous\u00a0: Le stage annuel de karat\u00e9 dispens\u00e9 par messieurs Daniel LAUTIER 7\u00e8me Dan et G\u00e9rard MOREAU 6\u00e8me Dan. Il &hellip; <a href=\"https:\/\/karate-lanester.org\/index.php\/2018\/02\/07\/le-mois-de-mars-arrive\/\">Continuer la lecture <span class=\"meta-nav\">&rarr;<\/span><\/a><\/p>\n","protected":false},"author":1,"featured_media":0,"comment_status":"open","ping_status":"open","sticky":false,"template":"","format":"standard","meta":{"footnotes":""},"categories":[1],"tags":[5],"class_list":["post-763","post","type-post","status-publish","format-standard","hentry","category-non-classe","tag-non-classe"],"_links":{"self":[{"href":"https:\/\/karate-lanester.org\/index.php\/wp-json\/wp\/v2\/posts\/763","targetHints":{"allow":["GET"]}}],"collection":[{"href":"https:\/\/karate-lanester.org\/index.php\/wp-json\/wp\/v2\/posts"}],"about":[{"href":"https:\/\/karate-lanester.org\/index.php\/wp-json\/wp\/v2\/types\/post"}],"author":[{"embeddable":true,"href":"https:\/\/karate-lanester.org\/index.php\/wp-json\/wp\/v2\/users\/1"}],"replies":[{"embeddable":true,"href":"https:\/\/karate-lanester.org\/index.php\/wp-json\/wp\/v2\/comments?post=763"}],"version-history":[{"count":1,"href":"https:\/\/karate-lanester.org\/index.php\/wp-json\/wp\/v2\/posts\/763\/revisions"}],"predecessor-version":[{"id":765,"href":"https:\/\/karate-lanester.org\/index.php\/wp-json\/wp\/v2\/posts\/763\/revisions\/765"}],"wp:attachment":[{"href":"https:\/\/karate-lanester.org\/index.php\/wp-json\/wp\/v2\/media?parent=763"}],"wp:term":[{"taxonomy":"category","embeddable":true,"href":"https:\/\/karate-lanester.org\/index.php\/wp-json\/wp\/v2\/categories?post=763"},{"taxonomy":"post_tag","embeddable":true,"href":"https:\/\/karate-lanester.org\/index.php\/wp-json\/wp\/v2\/tags?post=763"}],"curies":[{"name":"wp","href":"https:\/\/api.w.org\/{rel}","templated":true}]}}