{"id":845,"date":"2018-03-20T13:39:12","date_gmt":"2018-03-20T12:39:12","guid":{"rendered":"http:\/\/karate-lanester.org\/?p=845"},"modified":"2018-03-20T13:39:12","modified_gmt":"2018-03-20T12:39:12","slug":"gala-du-17-mars-2018","status":"publish","type":"post","link":"https:\/\/karate-lanester.org\/index.php\/2018\/03\/20\/gala-du-17-mars-2018\/","title":{"rendered":"GALA DU 17 MARS 2018"},"content":{"rendered":"<p>un grand merci \u00e0 tous les participants, qui ont d\u00e9montr\u00e9 avec s\u00e9rieux, application et dynamisme diff\u00e9rents aspects de notre pratique du karat\u00e9 shotokan.<\/p>\n<p>Le pr\u00e9sident du Foyer nous a adress\u00e9 un message qui montre sa satisfaction et son intention de voir au travers de cet \u00e9v\u00e8nement le d\u00e9but d&rsquo;une s\u00e9rie de manifestations montrant les savoir-faire au FLL : \u00ab\u00a0<em>Un petit mot pour vous remercier de la prestation offerte samedi soir.<br \/>\nLe Foyer peut \u00eatre fier des diff\u00e9rentes d\u00e9monstrations pr\u00e9sent\u00e9es, s\u00e9rieux, savoir-faire, qualit\u00e9s des intervenants.<\/em><br \/>\n<em>Merci aux dirigeants de chaque section d\u2019avoir \u00e9t\u00e9 attentif \u00e0 la qualit\u00e9 technique de cette soir\u00e9e.<\/em><br \/>\n<em>Je n\u2019oublie pas Christophe le Tinier et sa section, cheville ouvri\u00e8re de cette soir\u00e9e (le ouest France de ce matin est \u00e9logieux \u00e0 notre \u00e9gard).<\/em><br \/>\n<em>A bient\u00f4t pour d\u2019autres aventures.\u00a0\u00bb<a href=\"https:\/\/karate-lanester.org\/wp-content\/uploads\/2018\/03\/OUEST-FRANCE.pdf\">OUEST FRANCE<\/a><\/em><\/p>\n","protected":false},"excerpt":{"rendered":"<p>un grand merci \u00e0 tous les participants, qui ont d\u00e9montr\u00e9 avec s\u00e9rieux, application et dynamisme diff\u00e9rents aspects de notre pratique du karat\u00e9 shotokan. Le pr\u00e9sident du Foyer nous a adress\u00e9 un message qui montre sa satisfaction et son intention de &hellip; <a href=\"https:\/\/karate-lanester.org\/index.php\/2018\/03\/20\/gala-du-17-mars-2018\/\">Continuer la lecture <span class=\"meta-nav\">&rarr;<\/span><\/a><\/p>\n","protected":false},"author":1,"featured_media":0,"comment_status":"open","ping_status":"open","sticky":false,"template":"","format":"standard","meta":{"footnotes":""},"categories":[1],"tags":[5],"class_list":["post-845","post","type-post","status-publish","format-standard","hentry","category-non-classe","tag-non-classe"],"_links":{"self":[{"href":"https:\/\/karate-lanester.org\/index.php\/wp-json\/wp\/v2\/posts\/845","targetHints":{"allow":["GET"]}}],"collection":[{"href":"https:\/\/karate-lanester.org\/index.php\/wp-json\/wp\/v2\/posts"}],"about":[{"href":"https:\/\/karate-lanester.org\/index.php\/wp-json\/wp\/v2\/types\/post"}],"author":[{"embeddable":true,"href":"https:\/\/karate-lanester.org\/index.php\/wp-json\/wp\/v2\/users\/1"}],"replies":[{"embeddable":true,"href":"https:\/\/karate-lanester.org\/index.php\/wp-json\/wp\/v2\/comments?post=845"}],"version-history":[{"count":1,"href":"https:\/\/karate-lanester.org\/index.php\/wp-json\/wp\/v2\/posts\/845\/revisions"}],"predecessor-version":[{"id":848,"href":"https:\/\/karate-lanester.org\/index.php\/wp-json\/wp\/v2\/posts\/845\/revisions\/848"}],"wp:attachment":[{"href":"https:\/\/karate-lanester.org\/index.php\/wp-json\/wp\/v2\/media?parent=845"}],"wp:term":[{"taxonomy":"category","embeddable":true,"href":"https:\/\/karate-lanester.org\/index.php\/wp-json\/wp\/v2\/categories?post=845"},{"taxonomy":"post_tag","embeddable":true,"href":"https:\/\/karate-lanester.org\/index.php\/wp-json\/wp\/v2\/tags?post=845"}],"curies":[{"name":"wp","href":"https:\/\/api.w.org\/{rel}","templated":true}]}}