{"id":885,"date":"2018-05-02T09:36:29","date_gmt":"2018-05-02T08:36:29","guid":{"rendered":"http:\/\/karate-lanester.org\/?p=885"},"modified":"2018-05-02T09:36:29","modified_gmt":"2018-05-02T08:36:29","slug":"un-podium-de-plus-pour-andrea-a-valenciennes-le-29-avril-2018","status":"publish","type":"post","link":"https:\/\/karate-lanester.org\/index.php\/2018\/05\/02\/un-podium-de-plus-pour-andrea-a-valenciennes-le-29-avril-2018\/","title":{"rendered":"Un podium de plus pour Andr\u00e9a \u00e0 Valenciennes le 29 avril 2018"},"content":{"rendered":"<p>Bonjour pour information<\/p>\n<p>&nbsp;<\/p>\n<p>F\u00e9licitations<\/p>\n<p>Un podium de plus pour Andr\u00e9a \u00e0 Valenciennes.<\/p>\n<p>Andr\u00e9a s\u2019aligne sur toutes les comp\u00e9titions combat propos\u00e9es, qu\u2019il y ai contact ou pas. Une belle constance dans ses engagements.<\/p>\n<p>J\u2019esp\u00e8re qu\u2019elle obtiendra sa ceinture noire en fin de saison. Pour y arriver elle devra mettre un peu de son temp\u00e9rament de combattante dans l\u2019ex\u00e9cution de ses techniques en ligne et en kata.<\/p>\n<p>Pierre Yves<img loading=\"lazy\" decoding=\"async\" class=\"alignnone size-medium wp-image-886\" src=\"https:\/\/karate-lanester.org\/wp-content\/uploads\/2018\/05\/ANDREA-VALENCIENNES-2018-LIGHT-CONTACT-300x225.jpg\" alt=\"\" width=\"300\" height=\"225\" srcset=\"https:\/\/karate-lanester.org\/wp-content\/uploads\/2018\/05\/ANDREA-VALENCIENNES-2018-LIGHT-CONTACT-300x225.jpg 300w, https:\/\/karate-lanester.org\/wp-content\/uploads\/2018\/05\/ANDREA-VALENCIENNES-2018-LIGHT-CONTACT-768x576.jpg 768w, https:\/\/karate-lanester.org\/wp-content\/uploads\/2018\/05\/ANDREA-VALENCIENNES-2018-LIGHT-CONTACT-1024x768.jpg 1024w, https:\/\/karate-lanester.org\/wp-content\/uploads\/2018\/05\/ANDREA-VALENCIENNES-2018-LIGHT-CONTACT.jpg 1280w\" sizes=\"auto, (max-width: 300px) 100vw, 300px\" \/><\/p>\n","protected":false},"excerpt":{"rendered":"<p>Bonjour pour information &nbsp; F\u00e9licitations Un podium de plus pour Andr\u00e9a \u00e0 Valenciennes. Andr\u00e9a s\u2019aligne sur toutes les comp\u00e9titions combat propos\u00e9es, qu\u2019il y ai contact ou pas. Une belle constance dans ses engagements. J\u2019esp\u00e8re qu\u2019elle obtiendra sa ceinture noire en &hellip; <a href=\"https:\/\/karate-lanester.org\/index.php\/2018\/05\/02\/un-podium-de-plus-pour-andrea-a-valenciennes-le-29-avril-2018\/\">Continuer la lecture <span class=\"meta-nav\">&rarr;<\/span><\/a><\/p>\n","protected":false},"author":1,"featured_media":0,"comment_status":"open","ping_status":"open","sticky":false,"template":"","format":"standard","meta":{"footnotes":""},"categories":[1],"tags":[5],"class_list":["post-885","post","type-post","status-publish","format-standard","hentry","category-non-classe","tag-non-classe"],"_links":{"self":[{"href":"https:\/\/karate-lanester.org\/index.php\/wp-json\/wp\/v2\/posts\/885","targetHints":{"allow":["GET"]}}],"collection":[{"href":"https:\/\/karate-lanester.org\/index.php\/wp-json\/wp\/v2\/posts"}],"about":[{"href":"https:\/\/karate-lanester.org\/index.php\/wp-json\/wp\/v2\/types\/post"}],"author":[{"embeddable":true,"href":"https:\/\/karate-lanester.org\/index.php\/wp-json\/wp\/v2\/users\/1"}],"replies":[{"embeddable":true,"href":"https:\/\/karate-lanester.org\/index.php\/wp-json\/wp\/v2\/comments?post=885"}],"version-history":[{"count":1,"href":"https:\/\/karate-lanester.org\/index.php\/wp-json\/wp\/v2\/posts\/885\/revisions"}],"predecessor-version":[{"id":887,"href":"https:\/\/karate-lanester.org\/index.php\/wp-json\/wp\/v2\/posts\/885\/revisions\/887"}],"wp:attachment":[{"href":"https:\/\/karate-lanester.org\/index.php\/wp-json\/wp\/v2\/media?parent=885"}],"wp:term":[{"taxonomy":"category","embeddable":true,"href":"https:\/\/karate-lanester.org\/index.php\/wp-json\/wp\/v2\/categories?post=885"},{"taxonomy":"post_tag","embeddable":true,"href":"https:\/\/karate-lanester.org\/index.php\/wp-json\/wp\/v2\/tags?post=885"}],"curies":[{"name":"wp","href":"https:\/\/api.w.org\/{rel}","templated":true}]}}